{"id":44595,"date":"2022-04-29T17:59:24","date_gmt":"2022-04-29T22:59:24","guid":{"rendered":"https:\/\/interaccionnoticias.com.mx\/?p=44595"},"modified":"2022-04-29T17:59:28","modified_gmt":"2022-04-29T22:59:28","slug":"fiscalia-de-guerrero-y-morelos-conase-y-ssp-estatal-logran-la-detencion-de-dos-masculinos-por-secuestro","status":"publish","type":"post","link":"https:\/\/www.interaccionnoticias.com.mx\/?p=44595","title":{"rendered":"Fiscal\u00eda de Guerrero y Morelos, CONASE y SSP Estatal, logran la detenci\u00f3n de dos masculinos por secuestro"},"content":{"rendered":"\n<p><strong><em>&#8212; Los plagiarios manten\u00edan secuestrada a la v\u00edctima en Acapulco<br>&#8212; Su detenci\u00f3n fue en la localidad de Oaxtepec; al acudir por el pago del rescate<\/em><\/strong><\/p>\n\n\n\n<p><strong>Chilpancingo, Gro. 29 de abril de 2022.-<\/strong> Derivado de un operativo coordinado entre las Fiscal\u00edas de Guerrero y Morelos, la Secretar\u00eda de Seguridad P\u00fablica Estatal y la Coordinaci\u00f3n Nacional Antisecuestro (CONASE), se logr\u00f3 la detenci\u00f3n de dos probables responsables, Jorge Alejandro \u201cN\u201d y Tom\u00e1s Alfonso \u201cN\u201d, por el delito de secuestro y el rescate de una persona que permanec\u00eda privada de la libertad en Acapulco.<\/p>\n\n\n\n<p>Los plagiarios quedaron detenidos en la localidad de Oaxtepec, Morelos, lugar en que hab\u00eda sido indicada la entrega del rescate de una persona secuestrada el d\u00eda 29 de marzo de 2022, en la ciudad de Acapulco. Luego de una persecuci\u00f3n, los tripulantes fueron capturados por elementos de la Fiscal\u00eda Especializada Contra el Secuestro de Guerrero y su hom\u00f3loga, asegurando tambi\u00e9n un veh\u00edculo de la marca Fiat, tipo Mobi, color gris, tel\u00e9fonos celulares, un arma corta y dinero en efectivo.<\/p>\n\n\n\n<p>En un segundo evento y derivado del trabajo de investigaci\u00f3n, elementos policiacos de las instituciones de seguridad mencionadas, desplegaron un operativo conjunto logrando el rescate de la persona secuestrada por los detenidos y encontrada en una hospeder\u00eda del poblado de La Sabana, municipio de Acapulco.<\/p>\n\n\n\n<p>Los acusados y los objetos decomisados quedaron a disposici\u00f3n de las autoridades de Guerrero, quienes integrar\u00e1n la carpeta de investigaci\u00f3n correspondiente, para despu\u00e9s dentro del t\u00e9rmino legal quedar a disposici\u00f3n el Juez de Control y Enjuiciamiento Penal del Distrito Judicial de Tabares.<\/p>\n\n\n\n<p>La Fiscal\u00eda General del Estado seguir\u00e1 reforzando la cooperaci\u00f3n con las instituciones de seguridad de los tres \u00f3rdenes de gobierno, para seguir combatiendo el delito de secuestro en todas sus modalidades y continuar dando resultados a las y los guerrerenses.<\/p>\n","protected":false},"excerpt":{"rendered":"<p>&#8212; Los plagiarios manten\u00edan secuestrada a la v\u00edctima en Acapulco&#8212; Su detenci\u00f3n fue en la localidad de Oaxtepec; al acudir por el pago del rescate Chilpancingo, Gro. 29 de abril&hellip; <\/p>\n","protected":false},"author":19,"featured_media":44596,"comment_status":"open","ping_status":"open","sticky":false,"template":"","format":"standard","meta":{"fifu_image_url":"","fifu_image_alt":"","footnotes":""},"categories":[27],"tags":[],"class_list":["post-44595","post","type-post","status-publish","format-standard","has-post-thumbnail","hentry","category-seguridad-publica"],"_links":{"self":[{"href":"https:\/\/www.interaccionnoticias.com.mx\/index.php?rest_route=\/wp\/v2\/posts\/44595","targetHints":{"allow":["GET"]}}],"collection":[{"href":"https:\/\/www.interaccionnoticias.com.mx\/index.php?rest_route=\/wp\/v2\/posts"}],"about":[{"href":"https:\/\/www.interaccionnoticias.com.mx\/index.php?rest_route=\/wp\/v2\/types\/post"}],"author":[{"embeddable":true,"href":"https:\/\/www.interaccionnoticias.com.mx\/index.php?rest_route=\/wp\/v2\/users\/19"}],"replies":[{"embeddable":true,"href":"https:\/\/www.interaccionnoticias.com.mx\/index.php?rest_route=%2Fwp%2Fv2%2Fcomments&post=44595"}],"version-history":[{"count":1,"href":"https:\/\/www.interaccionnoticias.com.mx\/index.php?rest_route=\/wp\/v2\/posts\/44595\/revisions"}],"predecessor-version":[{"id":44597,"href":"https:\/\/www.interaccionnoticias.com.mx\/index.php?rest_route=\/wp\/v2\/posts\/44595\/revisions\/44597"}],"wp:featuredmedia":[{"embeddable":true,"href":"https:\/\/www.interaccionnoticias.com.mx\/index.php?rest_route=\/wp\/v2\/media\/44596"}],"wp:attachment":[{"href":"https:\/\/www.interaccionnoticias.com.mx\/index.php?rest_route=%2Fwp%2Fv2%2Fmedia&parent=44595"}],"wp:term":[{"taxonomy":"category","embeddable":true,"href":"https:\/\/www.interaccionnoticias.com.mx\/index.php?rest_route=%2Fwp%2Fv2%2Fcategories&post=44595"},{"taxonomy":"post_tag","embeddable":true,"href":"https:\/\/www.interaccionnoticias.com.mx\/index.php?rest_route=%2Fwp%2Fv2%2Ftags&post=44595"}],"curies":[{"name":"wp","href":"https:\/\/api.w.org\/{rel}","templated":true}]}}