{"id":44592,"date":"2022-04-29T17:47:38","date_gmt":"2022-04-29T22:47:38","guid":{"rendered":"https:\/\/interaccionnoticias.com.mx\/?p=44592"},"modified":"2022-04-29T17:47:42","modified_gmt":"2022-04-29T22:47:42","slug":"advierten-inconsistencias-en-dictamen-que-despenaliza-el-aborto-en-guerrero","status":"publish","type":"post","link":"https:\/\/www.interaccionnoticias.com.mx\/?p=44592","title":{"rendered":"Advierten inconsistencias en dictamen que despenaliza el aborto en Guerrero"},"content":{"rendered":"\n<p><strong><em>&#8212; Presidente de la Comisi\u00f3n de Justicia advierte que no permitir\u00e1 que se imponga el \u201cagandalle\u201d<\/em><\/strong><\/p>\n\n\n\n<p><strong>Rogelio Agust\u00edn<\/strong><\/p>\n\n\n\n<p>El presidente de la Comisi\u00f3n de Justicia del Congreso local, Jes\u00fas Parra Garc\u00eda confirm\u00f3 que promover\u00e1 los recursos legales ante las instancias correspondientes para evitar que se apruebe la despenalizaci\u00f3n del aborto, ya que sostuvo, la iniciativa presentada por un grupo de diputadas \u201ctiene muchas irregularidades y es vulnerable ante una impugnaci\u00f3n\u201d.<\/p>\n\n\n\n<p><br>El ex alcalde de Chilapa, insisti\u00f3 en que el dictamen no se puede avalar sin cumplir con el cronograma de actividades aprobadas desde el 7 de septiembre, las cuales tienen la intenci\u00f3n de permitir que los diferentes sectores de la poblaci\u00f3n hagan valer sus puntos de vista.<\/p>\n\n\n\n<p><br>Parra Garc\u00eda sostuvo que lo vivido la jornada del jueves fue claramente un \u201cagandalle\u201d, el cual sostuvo que no debe pasar, porque al igual que la alteraci\u00f3n del art\u00edculo 179, en materia de Seguridad P\u00fablica para el Estado de Guerrero, representa un precedente sumamente negativo para el Congreso de Guerrero.<\/p>\n\n\n\n<p><br>Lo anterior, porque tres de cinco integrantes de la Comisi\u00f3n de Justicia dictaminaron en positivo la despenalizaci\u00f3n del aborto, excluyendo de la sesi\u00f3n al presidente y una de las vocales, situaci\u00f3n que no hab\u00eda ocurrido en el Congreso de Guerrero.<\/p>\n\n\n\n<p><br>En los hechos, dijo que lo vivido el 28 de abril fue un golpe de estado a la presidencia de la Comisi\u00f3n de Justicia.<\/p>\n\n\n\n<p><br>Coment\u00f3 que la misma tarde del jueves, present\u00f3 un documento dirigido al presidente de la Junta de Coordinaci\u00f3n Pol\u00edtica (Jucopo), Alfredo S\u00e1nchez Esquivel, adem\u00e1s de otro para la presidenta de la Mesa Directiva, Flor A\u00f1orve Ocampo, haciendo una relator\u00eda de lo sucedido con la intenci\u00f3n de impedir que el dictamen pase al Pleno, tomando en cuenta todas las irregularidades que se cometieron durante la jornada del jueves.<\/p>\n\n\n\n<p><br>\u201cNosotros ten\u00edamos un procedimiento ya establecido, una ruta y la seguimos teniendo, yo seguir\u00e9 manteniendo porque la aprobamos el 7 de abril para estar en condiciones de abrir el tema, lo que nos permitir\u00eda escuchar todas las posiciones que hay sobre el asunto\u201d, destac\u00f3.<\/p>\n\n\n\n<p><br>Tambi\u00e9n, dijo que recurrir\u00e1 a otras instancias, ajenas al Congreso pero que tienen competencia en el asunto, pues se\u00f1al\u00f3, no se trata de frenar una propuesta que es reclamo de un amplio sector de mujeres, pero \u201clo que no se puede avalar es un agandalle y un albazo\u201d.<\/p>\n\n\n\n<p><br>Dijo que no hay m\u00e1s alternativa que ir a la impugnaci\u00f3n, para efecto de que los \u00f3rganos del Congreso retomen la v\u00eda de la institucionalidad y del respeto a la ley, porque de lo contrario, la situaci\u00f3n se puede agravar m\u00e1s.<br>\u201cNosotros le decimos a la sociedad de Guerrero que no vamos a permitir que se siga caminando en la ruta de la ilegalidad, pues eso nos va a perjudicar severamente como Congreso, ya que el mensaje que se mandar\u00e1 a la sociedad, es de que se puede torcer la ley, siempre y cuando se consiga imponer la mayor\u00eda, lo que no es correcto\u201d, anot\u00f3.<\/p>\n\n\n\n<p><br>M\u00e1s a\u00fan, dijo que los magistrados del Poder Judicial local que conocieron el proyecto de dictamen, en una reuni\u00f3n realizada en el Congreso advirtieron sobre una cantidad importante de inconsistencias detectadas dentro del dictamen, las que deben atenderse para evitar que las modificaciones al C\u00f3digo Penal resulten inoperantes.<\/p>\n\n\n\n<figure class=\"wp-block-gallery columns-0 is-cropped wp-block-gallery-1 is-layout-flex wp-block-gallery-is-layout-flex\"><ul class=\"blocks-gallery-grid\"><\/ul><\/figure>\n","protected":false},"excerpt":{"rendered":"<p>&#8212; Presidente de la Comisi\u00f3n de Justicia advierte que no permitir\u00e1 que se imponga el \u201cagandalle\u201d Rogelio Agust\u00edn El presidente de la Comisi\u00f3n de Justicia del Congreso local, Jes\u00fas Parra&hellip; <\/p>\n","protected":false},"author":21,"featured_media":44593,"comment_status":"open","ping_status":"open","sticky":false,"template":"","format":"standard","meta":{"fifu_image_url":"","fifu_image_alt":"","footnotes":""},"categories":[2],"tags":[],"class_list":["post-44592","post","type-post","status-publish","format-standard","has-post-thumbnail","hentry","category-congreso"],"_links":{"self":[{"href":"https:\/\/www.interaccionnoticias.com.mx\/index.php?rest_route=\/wp\/v2\/posts\/44592","targetHints":{"allow":["GET"]}}],"collection":[{"href":"https:\/\/www.interaccionnoticias.com.mx\/index.php?rest_route=\/wp\/v2\/posts"}],"about":[{"href":"https:\/\/www.interaccionnoticias.com.mx\/index.php?rest_route=\/wp\/v2\/types\/post"}],"author":[{"embeddable":true,"href":"https:\/\/www.interaccionnoticias.com.mx\/index.php?rest_route=\/wp\/v2\/users\/21"}],"replies":[{"embeddable":true,"href":"https:\/\/www.interaccionnoticias.com.mx\/index.php?rest_route=%2Fwp%2Fv2%2Fcomments&post=44592"}],"version-history":[{"count":1,"href":"https:\/\/www.interaccionnoticias.com.mx\/index.php?rest_route=\/wp\/v2\/posts\/44592\/revisions"}],"predecessor-version":[{"id":44594,"href":"https:\/\/www.interaccionnoticias.com.mx\/index.php?rest_route=\/wp\/v2\/posts\/44592\/revisions\/44594"}],"wp:featuredmedia":[{"embeddable":true,"href":"https:\/\/www.interaccionnoticias.com.mx\/index.php?rest_route=\/wp\/v2\/media\/44593"}],"wp:attachment":[{"href":"https:\/\/www.interaccionnoticias.com.mx\/index.php?rest_route=%2Fwp%2Fv2%2Fmedia&parent=44592"}],"wp:term":[{"taxonomy":"category","embeddable":true,"href":"https:\/\/www.interaccionnoticias.com.mx\/index.php?rest_route=%2Fwp%2Fv2%2Fcategories&post=44592"},{"taxonomy":"post_tag","embeddable":true,"href":"https:\/\/www.interaccionnoticias.com.mx\/index.php?rest_route=%2Fwp%2Fv2%2Ftags&post=44592"}],"curies":[{"name":"wp","href":"https:\/\/api.w.org\/{rel}","templated":true}]}}