{"id":44579,"date":"2022-04-29T17:05:08","date_gmt":"2022-04-29T22:05:08","guid":{"rendered":"https:\/\/interaccionnoticias.com.mx\/?p=44579"},"modified":"2022-04-29T17:05:13","modified_gmt":"2022-04-29T22:05:13","slug":"inaugura-el-gobierno-del-estado-feria-interinstitucional-conociendo-mis-derechos","status":"publish","type":"post","link":"https:\/\/www.interaccionnoticias.com.mx\/?p=44579","title":{"rendered":"Inaugura el Gobierno del Estado Feria Interinstitucional \u201cConociendo mis derechos\u201d"},"content":{"rendered":"\n<p><strong><em>&#8212; Participaron m\u00e1s de 20 dependencias estatales y municipales.<br>&#8212; Ni\u00f1as y ni\u00f1os disfrutaron de juegos, rifas y regalos<\/em><\/strong>.<\/p>\n\n\n\n<p>Con el prop\u00f3sito de fortalecer el respeto, la protecci\u00f3n y promoci\u00f3n de los derechos de la infancia y adolescencia, el Sistema de Protecci\u00f3n Integral de Ni\u00f1as, Ni\u00f1os y Adolescentes (SIPINNA) Guerrero llev\u00f3 a cabo la primera Feria Interinstitucional \u201cConociendo mis derechos\u201d.<\/p>\n\n\n\n<p>En la inauguraci\u00f3n de la feria, la titular del SIPINNA Guerrero, X\u00f3chilt Sosa Rumbo, resalt\u00f3 la apertura del gobierno de Guerrero que encabeza la Mtra. Evelyn Cecia Salgado Pineda, para trabajar en acciones que transformen la cultura de la omisi\u00f3n por la de la actuaci\u00f3n real a favor de las ni\u00f1as, ni\u00f1os y adolescentes.<\/p>\n\n\n\n<p>En su intervenci\u00f3n la Presidenta del DIF Guerrero, Liz Salgado Pineda destac\u00f3 el compromiso de la gobernadora de trabajar en conjunto para que ni\u00f1as y ni\u00f1os vivan una vida libre de violencia y se hagan valer sus derechos.<\/p>\n\n\n\n<p>Por su parte la Presidenta Municipal de Chilpancingo, Norma Otilia Hern\u00e1ndez se\u00f1al\u00f3 que con la suma de esfuerzo entre los tres \u00f3rdenes de gobierno se salvaguardan los derechos de las ni\u00f1as y los ni\u00f1os.<\/p>\n\n\n\n<p>La misma cont\u00f3 con la participaci\u00f3n dependencias como el DIF-Guerrero; Museo Interactivo La Avispa; la Comisi\u00f3n de Derechos Humanos; Protecci\u00f3n Civil; Fiscal General del Estado; Tribunal Superior de Justicia; el Instituto Estatal Electoral y de Participaci\u00f3n Ciudadana; la Secretar\u00eda del Medio Ambiente y Recursos Naturales; Coordinaci\u00f3n T\u00e9cnica del Registro Civil; Secretar\u00eda de la Mujer; Secretar\u00eda de Desarrollo y Bienestar Social; Secretar\u00eda de la Juventud y la Ni\u00f1ez; Secretar\u00eda de Salud en Guerrero; Guardia Nacional; Secretar\u00eda de Seguridad P\u00fablica; Secretar\u00eda de Educaci\u00f3n Guerrero; Secretariado Ejecutivo del Sistema Estatal de Seguridad P\u00fablica; Secretar\u00eda de Contralor\u00eda y Transparencia del Gobierno del Estado,<\/p>\n\n\n\n<p>Durante la feria las dependencias participantes entregaron actas de registro extempor\u00e1neo, actividades recreativas, adem\u00e1s de realizar juegos para conocer los derechos de Ni\u00f1as, Ni\u00f1os y Adolescentes.<\/p>\n\n\n\n<p>Una jornada que permiti\u00f3 visibilizar las acciones que todo el gobierno contempla para materializar los derechos de este sector.<br><\/p>\n\n\n\n<figure class=\"wp-block-gallery columns-2 is-cropped wp-block-gallery-1 is-layout-flex wp-block-gallery-is-layout-flex\"><ul class=\"blocks-gallery-grid\"><li class=\"blocks-gallery-item\"><figure><img decoding=\"async\" src=\"data:image\/gif;base64,R0lGODlhAQABAIAAAAAAAP\/\/\/ywAAAAAAQABAAACAUwAOw==\" fifu-lazy=\"1\" fifu-data-sizes=\"auto\" fifu-data-srcset=\"https:\/\/i2.wp.com\/interaccionnoticias.com.mx\/wp-content\/uploads\/2022\/04\/Conociendo-Mis-Derechos-1-1024x683.jpg?ssl=1&w=75&resize=75&ssl=1 75w, https:\/\/i2.wp.com\/interaccionnoticias.com.mx\/wp-content\/uploads\/2022\/04\/Conociendo-Mis-Derechos-1-1024x683.jpg?ssl=1&w=100&resize=100&ssl=1 100w, https:\/\/i2.wp.com\/interaccionnoticias.com.mx\/wp-content\/uploads\/2022\/04\/Conociendo-Mis-Derechos-1-1024x683.jpg?ssl=1&w=150&resize=150&ssl=1 150w, https:\/\/i2.wp.com\/interaccionnoticias.com.mx\/wp-content\/uploads\/2022\/04\/Conociendo-Mis-Derechos-1-1024x683.jpg?ssl=1&w=240&resize=240&ssl=1 240w, https:\/\/i2.wp.com\/interaccionnoticias.com.mx\/wp-content\/uploads\/2022\/04\/Conociendo-Mis-Derechos-1-1024x683.jpg?ssl=1&w=320&resize=320&ssl=1 320w, https:\/\/i2.wp.com\/interaccionnoticias.com.mx\/wp-content\/uploads\/2022\/04\/Conociendo-Mis-Derechos-1-1024x683.jpg?ssl=1&w=500&resize=500&ssl=1 500w, https:\/\/i2.wp.com\/interaccionnoticias.com.mx\/wp-content\/uploads\/2022\/04\/Conociendo-Mis-Derechos-1-1024x683.jpg?ssl=1&w=640&resize=640&ssl=1 640w, https:\/\/i2.wp.com\/interaccionnoticias.com.mx\/wp-content\/uploads\/2022\/04\/Conociendo-Mis-Derechos-1-1024x683.jpg?ssl=1&w=800&resize=800&ssl=1 800w, https:\/\/i2.wp.com\/interaccionnoticias.com.mx\/wp-content\/uploads\/2022\/04\/Conociendo-Mis-Derechos-1-1024x683.jpg?ssl=1&w=1024&resize=1024&ssl=1 1024w, https:\/\/i2.wp.com\/interaccionnoticias.com.mx\/wp-content\/uploads\/2022\/04\/Conociendo-Mis-Derechos-1-1024x683.jpg?ssl=1&w=1280&resize=1280&ssl=1 1280w, https:\/\/i2.wp.com\/interaccionnoticias.com.mx\/wp-content\/uploads\/2022\/04\/Conociendo-Mis-Derechos-1-1024x683.jpg?ssl=1&w=1600&resize=1600&ssl=1 1600w\" fifu-data-src=\"https:\/\/i2.wp.com\/interaccionnoticias.com.mx\/wp-content\/uploads\/2022\/04\/Conociendo-Mis-Derechos-1-1024x683.jpg?ssl=1\" alt=\"\" data-id=\"44580\" data-full-url=\"https:\/\/interaccionnoticias.com.mx\/wp-content\/uploads\/2022\/04\/Conociendo-Mis-Derechos-1.jpg\" data-link=\"https:\/\/interaccionnoticias.com.mx\/?attachment_id=44580\" class=\"wp-image-44580\"\/><\/figure><\/li><li class=\"blocks-gallery-item\"><figure><img decoding=\"async\" src=\"data:image\/gif;base64,R0lGODlhAQABAIAAAAAAAP\/\/\/ywAAAAAAQABAAACAUwAOw==\" fifu-lazy=\"1\" fifu-data-sizes=\"auto\" fifu-data-srcset=\"https:\/\/i1.wp.com\/interaccionnoticias.com.mx\/wp-content\/uploads\/2022\/04\/Conociendo-Mis-Derechos-2-1024x683.jpg?ssl=1&w=75&resize=75&ssl=1 75w, https:\/\/i1.wp.com\/interaccionnoticias.com.mx\/wp-content\/uploads\/2022\/04\/Conociendo-Mis-Derechos-2-1024x683.jpg?ssl=1&w=100&resize=100&ssl=1 100w, https:\/\/i1.wp.com\/interaccionnoticias.com.mx\/wp-content\/uploads\/2022\/04\/Conociendo-Mis-Derechos-2-1024x683.jpg?ssl=1&w=150&resize=150&ssl=1 150w, https:\/\/i1.wp.com\/interaccionnoticias.com.mx\/wp-content\/uploads\/2022\/04\/Conociendo-Mis-Derechos-2-1024x683.jpg?ssl=1&w=240&resize=240&ssl=1 240w, https:\/\/i1.wp.com\/interaccionnoticias.com.mx\/wp-content\/uploads\/2022\/04\/Conociendo-Mis-Derechos-2-1024x683.jpg?ssl=1&w=320&resize=320&ssl=1 320w, https:\/\/i1.wp.com\/interaccionnoticias.com.mx\/wp-content\/uploads\/2022\/04\/Conociendo-Mis-Derechos-2-1024x683.jpg?ssl=1&w=500&resize=500&ssl=1 500w, https:\/\/i1.wp.com\/interaccionnoticias.com.mx\/wp-content\/uploads\/2022\/04\/Conociendo-Mis-Derechos-2-1024x683.jpg?ssl=1&w=640&resize=640&ssl=1 640w, https:\/\/i1.wp.com\/interaccionnoticias.com.mx\/wp-content\/uploads\/2022\/04\/Conociendo-Mis-Derechos-2-1024x683.jpg?ssl=1&w=800&resize=800&ssl=1 800w, https:\/\/i1.wp.com\/interaccionnoticias.com.mx\/wp-content\/uploads\/2022\/04\/Conociendo-Mis-Derechos-2-1024x683.jpg?ssl=1&w=1024&resize=1024&ssl=1 1024w, https:\/\/i1.wp.com\/interaccionnoticias.com.mx\/wp-content\/uploads\/2022\/04\/Conociendo-Mis-Derechos-2-1024x683.jpg?ssl=1&w=1280&resize=1280&ssl=1 1280w, https:\/\/i1.wp.com\/interaccionnoticias.com.mx\/wp-content\/uploads\/2022\/04\/Conociendo-Mis-Derechos-2-1024x683.jpg?ssl=1&w=1600&resize=1600&ssl=1 1600w\" fifu-data-src=\"https:\/\/i1.wp.com\/interaccionnoticias.com.mx\/wp-content\/uploads\/2022\/04\/Conociendo-Mis-Derechos-2-1024x683.jpg?ssl=1\" alt=\"\" data-id=\"44581\" data-full-url=\"https:\/\/interaccionnoticias.com.mx\/wp-content\/uploads\/2022\/04\/Conociendo-Mis-Derechos-2.jpg\" data-link=\"https:\/\/interaccionnoticias.com.mx\/?attachment_id=44581\" class=\"wp-image-44581\"\/><\/figure><\/li><\/ul><\/figure>\n","protected":false},"excerpt":{"rendered":"<p>&#8212; Participaron m\u00e1s de 20 dependencias estatales y municipales.&#8212; Ni\u00f1as y ni\u00f1os disfrutaron de juegos, rifas y regalos. Con el prop\u00f3sito de fortalecer el respeto, la protecci\u00f3n y promoci\u00f3n de&hellip; <\/p>\n","protected":false},"author":19,"featured_media":44581,"comment_status":"open","ping_status":"open","sticky":false,"template":"","format":"standard","meta":{"fifu_image_url":"","fifu_image_alt":"","footnotes":""},"categories":[11],"tags":[],"class_list":["post-44579","post","type-post","status-publish","format-standard","has-post-thumbnail","hentry","category-guerrero"],"_links":{"self":[{"href":"https:\/\/www.interaccionnoticias.com.mx\/index.php?rest_route=\/wp\/v2\/posts\/44579","targetHints":{"allow":["GET"]}}],"collection":[{"href":"https:\/\/www.interaccionnoticias.com.mx\/index.php?rest_route=\/wp\/v2\/posts"}],"about":[{"href":"https:\/\/www.interaccionnoticias.com.mx\/index.php?rest_route=\/wp\/v2\/types\/post"}],"author":[{"embeddable":true,"href":"https:\/\/www.interaccionnoticias.com.mx\/index.php?rest_route=\/wp\/v2\/users\/19"}],"replies":[{"embeddable":true,"href":"https:\/\/www.interaccionnoticias.com.mx\/index.php?rest_route=%2Fwp%2Fv2%2Fcomments&post=44579"}],"version-history":[{"count":1,"href":"https:\/\/www.interaccionnoticias.com.mx\/index.php?rest_route=\/wp\/v2\/posts\/44579\/revisions"}],"predecessor-version":[{"id":44582,"href":"https:\/\/www.interaccionnoticias.com.mx\/index.php?rest_route=\/wp\/v2\/posts\/44579\/revisions\/44582"}],"wp:featuredmedia":[{"embeddable":true,"href":"https:\/\/www.interaccionnoticias.com.mx\/index.php?rest_route=\/wp\/v2\/media\/44581"}],"wp:attachment":[{"href":"https:\/\/www.interaccionnoticias.com.mx\/index.php?rest_route=%2Fwp%2Fv2%2Fmedia&parent=44579"}],"wp:term":[{"taxonomy":"category","embeddable":true,"href":"https:\/\/www.interaccionnoticias.com.mx\/index.php?rest_route=%2Fwp%2Fv2%2Fcategories&post=44579"},{"taxonomy":"post_tag","embeddable":true,"href":"https:\/\/www.interaccionnoticias.com.mx\/index.php?rest_route=%2Fwp%2Fv2%2Ftags&post=44579"}],"curies":[{"name":"wp","href":"https:\/\/api.w.org\/{rel}","templated":true}]}}