{"id":44572,"date":"2022-04-29T14:51:20","date_gmt":"2022-04-29T19:51:20","guid":{"rendered":"https:\/\/interaccionnoticias.com.mx\/?p=44572"},"modified":"2022-04-29T14:51:31","modified_gmt":"2022-04-29T19:51:31","slug":"marchan-en-chilpancingo-exigen-a-la-fge-localizar-a-la-menor-maria-fernanda-valadez","status":"publish","type":"post","link":"https:\/\/www.interaccionnoticias.com.mx\/?p=44572","title":{"rendered":"Marchan en Chilpancingo, exigen a la FGE localizar a la menor Mar\u00eda Fernanda Valadez"},"content":{"rendered":"\n<p>Jes\u00fas Dorantes<\/p>\n\n\n\n<p>Chilpancingo , Gro .- Familiares y amigos de Mar\u00eda Fernanda Valadez V\u00e1zquez, marcharon en la capital del estado para exigir a la Fiscal\u00eda General del Estado (FGE) investigue, busque y presente con vida a la menor que desapareci\u00f3 desde el a\u00f1o 2019.<\/p>\n\n\n\n<p>La manifestaci\u00f3n inici\u00f3 en la alameda Granados Maldonado y tom\u00f3 direcci\u00f3n hacia el sur de Chilpancingo, en el recorrido se mostraron pancartas y lonas con el rostro de la menor.<br>En el contingente iba Maricarmen Valadez V\u00e1zquez, hermana de la menor, quien se\u00f1al\u00f3 que desde el pasado 4 de diciembre del 2019, su mam\u00e1 Cendy V\u00e1zquez fue asesinada al interior de su domicilio en la comunidad de Chichihualco.<\/p>\n\n\n\n<p>Desde esa misma fecha se llevaron a su hermana Mar\u00eda Fernanda, y pese a que la FGE tiene identificados a los responsables no se detuvo a ninguno de ellos, ni se a dado con el paradero de su hermana.<\/p>\n\n\n\n<p>En varias ocasiones, Maricarmen Valadez asegur\u00f3 que han alertado a las autoridades del paradero de su padre, Javier Valadez y su pareja Roberto Rayo, que son acusados de ser los asesinos de Cendy V\u00e1zquez, pero nunca han sido detenidos.<\/p>\n\n\n\n<p>Hizo un llamado a la gobernadora Evelyn Salgado Pineda, as\u00ed como a la fiscal Sandra Luz Valdovinos Salmer\u00f3n, para que atiendan el caso, que la administraci\u00f3n pasada dej\u00f3 en el olvido y se haga justicia.<\/p>\n","protected":false},"excerpt":{"rendered":"<p>Jes\u00fas Dorantes Chilpancingo , Gro .- Familiares y amigos de Mar\u00eda Fernanda Valadez V\u00e1zquez, marcharon en la capital del estado para exigir a la Fiscal\u00eda General del Estado (FGE) investigue,&hellip; <\/p>\n","protected":false},"author":8,"featured_media":44569,"comment_status":"open","ping_status":"open","sticky":false,"template":"","format":"standard","meta":{"fifu_image_url":"","fifu_image_alt":"","footnotes":""},"categories":[15],"tags":[],"class_list":["post-44572","post","type-post","status-publish","format-standard","has-post-thumbnail","hentry","category-movimientos-sociales"],"_links":{"self":[{"href":"https:\/\/www.interaccionnoticias.com.mx\/index.php?rest_route=\/wp\/v2\/posts\/44572","targetHints":{"allow":["GET"]}}],"collection":[{"href":"https:\/\/www.interaccionnoticias.com.mx\/index.php?rest_route=\/wp\/v2\/posts"}],"about":[{"href":"https:\/\/www.interaccionnoticias.com.mx\/index.php?rest_route=\/wp\/v2\/types\/post"}],"author":[{"embeddable":true,"href":"https:\/\/www.interaccionnoticias.com.mx\/index.php?rest_route=\/wp\/v2\/users\/8"}],"replies":[{"embeddable":true,"href":"https:\/\/www.interaccionnoticias.com.mx\/index.php?rest_route=%2Fwp%2Fv2%2Fcomments&post=44572"}],"version-history":[{"count":1,"href":"https:\/\/www.interaccionnoticias.com.mx\/index.php?rest_route=\/wp\/v2\/posts\/44572\/revisions"}],"predecessor-version":[{"id":44573,"href":"https:\/\/www.interaccionnoticias.com.mx\/index.php?rest_route=\/wp\/v2\/posts\/44572\/revisions\/44573"}],"wp:featuredmedia":[{"embeddable":true,"href":"https:\/\/www.interaccionnoticias.com.mx\/index.php?rest_route=\/wp\/v2\/media\/44569"}],"wp:attachment":[{"href":"https:\/\/www.interaccionnoticias.com.mx\/index.php?rest_route=%2Fwp%2Fv2%2Fmedia&parent=44572"}],"wp:term":[{"taxonomy":"category","embeddable":true,"href":"https:\/\/www.interaccionnoticias.com.mx\/index.php?rest_route=%2Fwp%2Fv2%2Fcategories&post=44572"},{"taxonomy":"post_tag","embeddable":true,"href":"https:\/\/www.interaccionnoticias.com.mx\/index.php?rest_route=%2Fwp%2Fv2%2Ftags&post=44572"}],"curies":[{"name":"wp","href":"https:\/\/api.w.org\/{rel}","templated":true}]}}