{"id":44565,"date":"2022-04-28T22:05:38","date_gmt":"2022-04-29T03:05:38","guid":{"rendered":"https:\/\/interaccionnoticias.com.mx\/?p=44565"},"modified":"2022-04-28T22:05:39","modified_gmt":"2022-04-29T03:05:39","slug":"tras-protesta-de-trabajadores-de-la-fiscalia-la-dependencia-se-compromete-a-mejorar-condiciones-laborales-de-los-empleados","status":"publish","type":"post","link":"https:\/\/www.interaccionnoticias.com.mx\/?p=44565","title":{"rendered":"Tras protesta de trabajadores de la fiscal\u00eda, la dependencia se compromete a mejorar condiciones laborales de los empleados"},"content":{"rendered":"\n<p><strong>Rosario Garc\u00eda Orozco<\/strong><\/p>\n\n\n\n<p><strong>Chilpancingo, Gro., 28 de abril del 2022.-<\/strong> Tras la protesta de trabajadores y l\u00edderes del Sindicato \u00danico de Servidores P\u00fablicos del Estado de Guerrero (Suspeg) en la Fiscal\u00eda General del Estado el pasado mi\u00e9rcoles, la dependencia dio marcha atr\u00e1s en los cambios de adscripci\u00f3n que hab\u00eda notificado a dos trabajadores como represalia por encabezar demandas laborales.<\/p>\n\n\n\n<p>Del mismo modo se establecieron compromisos como el que todos los mandos se conducir\u00e1n con respeto hacia sus subordinados.<\/p>\n\n\n\n<p>Luego de la protesta en el acceso principal a la Fiscal\u00eda, se llev\u00f3 a cabo una reuni\u00f3n en la que estuvo presente la l\u00edder estatal del Suspeg, Adela Hern\u00e1ndez Angelito y la l\u00edder de la Secci\u00f3n S\u00e9ptima, Socorro S\u00e1nchez Salmer\u00f3n, donde se estableci\u00f3 que la fiscal\u00eda tiene que buscar los recursos necesarios para cubrir el adeudos que tiene con el personal por el incremento salarial autorizado el a\u00f1o pasado.<\/p>\n\n\n\n<p>A nombre de la Instituci\u00f3n el vicefiscal, Adolfo Herrera Mart\u00ednez firm\u00f3 el compromiso de que no se aplicar\u00e1 ninguna medida de represalia a los trabajadores que se manifestaron el pasado mi\u00e9rcoles y se dio marcha atr\u00e1s a los dos cambios de adscripci\u00f3n que se hab\u00edan emitido.<\/p>\n\n\n\n<p>El funcionario tambi\u00e9n se comprometi\u00f3 a que se entregar\u00e1n las comisiones sindicales a los delegados que solicite el Sindicato, dado que hasta el momento estos trabajadores no hab\u00edan sido liberados de carga de trabajo.<\/p>\n\n\n\n<p>Sobre los adeudos se acord\u00f3 que a m\u00e1s tardar el 15 de mayo se pagar\u00e1n las diferencias que se adeudan en los est\u00edmulos de antig\u00fcedad a los que no se les aplic\u00f3 el incremento del 11 por ciento que se logr\u00f3 el a\u00f1o pasado.<\/p>\n\n\n\n<p>Otro de los acuerdos fue la gesti\u00f3n para el pago de seguros de vida de todos los trabajadores y que en un plazo menor a 15 d\u00edas se reparar\u00e1 el veh\u00edculo de transporte de personal que en este momento no est\u00e1 funcionando.<\/p>\n\n\n\n<p>Del mismo modo, se determin\u00f3 que por sobre todas las cosas los mandos se van a conducir de manera respetuosa, que cesar\u00e1n situaciones de acoso, insultos, gritos o cualquier otra acci\u00f3n que rompa con la armon\u00eda laboral en la instituci\u00f3n.<\/p>\n","protected":false},"excerpt":{"rendered":"<p>Rosario Garc\u00eda Orozco Chilpancingo, Gro., 28 de abril del 2022.- Tras la protesta de trabajadores y l\u00edderes del Sindicato \u00danico de Servidores P\u00fablicos del Estado de Guerrero (Suspeg) en la&hellip; <\/p>\n","protected":false},"author":14,"featured_media":44462,"comment_status":"open","ping_status":"open","sticky":false,"template":"","format":"standard","meta":{"fifu_image_url":"","fifu_image_alt":"","footnotes":""},"categories":[11],"tags":[],"class_list":["post-44565","post","type-post","status-publish","format-standard","has-post-thumbnail","hentry","category-guerrero"],"_links":{"self":[{"href":"https:\/\/www.interaccionnoticias.com.mx\/index.php?rest_route=\/wp\/v2\/posts\/44565","targetHints":{"allow":["GET"]}}],"collection":[{"href":"https:\/\/www.interaccionnoticias.com.mx\/index.php?rest_route=\/wp\/v2\/posts"}],"about":[{"href":"https:\/\/www.interaccionnoticias.com.mx\/index.php?rest_route=\/wp\/v2\/types\/post"}],"author":[{"embeddable":true,"href":"https:\/\/www.interaccionnoticias.com.mx\/index.php?rest_route=\/wp\/v2\/users\/14"}],"replies":[{"embeddable":true,"href":"https:\/\/www.interaccionnoticias.com.mx\/index.php?rest_route=%2Fwp%2Fv2%2Fcomments&post=44565"}],"version-history":[{"count":1,"href":"https:\/\/www.interaccionnoticias.com.mx\/index.php?rest_route=\/wp\/v2\/posts\/44565\/revisions"}],"predecessor-version":[{"id":44566,"href":"https:\/\/www.interaccionnoticias.com.mx\/index.php?rest_route=\/wp\/v2\/posts\/44565\/revisions\/44566"}],"wp:featuredmedia":[{"embeddable":true,"href":"https:\/\/www.interaccionnoticias.com.mx\/index.php?rest_route=\/wp\/v2\/media\/44462"}],"wp:attachment":[{"href":"https:\/\/www.interaccionnoticias.com.mx\/index.php?rest_route=%2Fwp%2Fv2%2Fmedia&parent=44565"}],"wp:term":[{"taxonomy":"category","embeddable":true,"href":"https:\/\/www.interaccionnoticias.com.mx\/index.php?rest_route=%2Fwp%2Fv2%2Fcategories&post=44565"},{"taxonomy":"post_tag","embeddable":true,"href":"https:\/\/www.interaccionnoticias.com.mx\/index.php?rest_route=%2Fwp%2Fv2%2Ftags&post=44565"}],"curies":[{"name":"wp","href":"https:\/\/api.w.org\/{rel}","templated":true}]}}