{"id":44546,"date":"2022-04-28T19:27:11","date_gmt":"2022-04-29T00:27:11","guid":{"rendered":"https:\/\/interaccionnoticias.com.mx\/?p=44546"},"modified":"2022-04-28T19:27:20","modified_gmt":"2022-04-29T00:27:20","slug":"realizara-seg-ii-foro-estatal-de-investigacion-educativa","status":"publish","type":"post","link":"https:\/\/www.interaccionnoticias.com.mx\/?p=44546","title":{"rendered":"Realizar\u00e1 SEG II Foro Estatal de Investigaci\u00f3n Educativa"},"content":{"rendered":"\n<p><strong><em>&#8212; Presentan convocatoria y abren registro de ponencias para docentes de todos los niveles educativos<\/em><\/strong><\/p>\n\n\n\n<p><strong>Chilpancingo, Gro., 28 de abril de 2022.-<\/strong> La Secretar\u00eda de Educaci\u00f3n Guerrero present\u00f3 la convocatoria para el II Foro Estatal de Investigaci\u00f3n Educativa, el cual se realizar\u00e1 el pr\u00f3ximo 17 de octubre.<\/p>\n\n\n\n<p>A partir de hoy y hasta el 22 de julio, maestros de los diferentes niveles educativos del estado podr\u00e1n registrar sus ponencias en siete ejes tem\u00e1ticos: La investigaci\u00f3n educativa, el derecho a la educaci\u00f3n equitativa, inclusiva, intercultural e integral; revalorizaci\u00f3n de las maestras y maestros como agentes fundamentales del proceso educativo, la ciencia y la tecnolog\u00eda en el proceso educativo, la implementaci\u00f3n de las artes como un instrumento para el desarrollo integral en el desarrollo de ense\u00f1anza-aprendizaje y el derecho a la cultura f\u00edsica y a la pr\u00e1ctica del deporte.<\/p>\n\n\n\n<p>Las ponencias se podr\u00e1n registrar en el correo electr\u00f3nico: fomentoalainvestigacion@segro.edu.mx y las bases para las mismas podr\u00e1n consultarse en la p\u00e1gina oficial de la dependencia http:\/\/www.seg.gob.mx\/planeacioneducativa\/?p=574<\/p>\n\n\n\n<p>Juan Eduardo Garc\u00eda Maganda, director de Investigaci\u00f3n Educativa de la SEG, explic\u00f3 que el foro va dirigido a profesores desde nivel inicial, preescolar, primaria secundaria, media superior y superior, as\u00ed como a investigadores empadronados en la UAGro y con el Cocytieg.<\/p>\n\n\n\n<p>\u201cEstamos buscando generar un espacio acad\u00e9mico con la finalidad de hacer un balance del desarrollo de la investigaci\u00f3n educativa y proponer alternativas tendientes a la ampliaci\u00f3n y mejora de la educaci\u00f3n en Guerrero\u201d, dijo.<\/p>\n\n\n\n<p>Refiri\u00f3 que actualmente existen 194 maestros registrados en el Padr\u00f3n Estatal \u201cDocente Investigador\u201d y anunci\u00f3 que en los pr\u00f3ximos meses se abrir\u00e1 una nueva convocatoria para el registro de m\u00e1s profesores.<\/p>\n","protected":false},"excerpt":{"rendered":"<p>&#8212; Presentan convocatoria y abren registro de ponencias para docentes de todos los niveles educativos Chilpancingo, Gro., 28 de abril de 2022.- La Secretar\u00eda de Educaci\u00f3n Guerrero present\u00f3 la convocatoria&hellip; <\/p>\n","protected":false},"author":19,"featured_media":44547,"comment_status":"open","ping_status":"open","sticky":false,"template":"","format":"standard","meta":{"fifu_image_url":"","fifu_image_alt":"","footnotes":""},"categories":[6],"tags":[],"class_list":["post-44546","post","type-post","status-publish","format-standard","has-post-thumbnail","hentry","category-educacion"],"_links":{"self":[{"href":"https:\/\/www.interaccionnoticias.com.mx\/index.php?rest_route=\/wp\/v2\/posts\/44546","targetHints":{"allow":["GET"]}}],"collection":[{"href":"https:\/\/www.interaccionnoticias.com.mx\/index.php?rest_route=\/wp\/v2\/posts"}],"about":[{"href":"https:\/\/www.interaccionnoticias.com.mx\/index.php?rest_route=\/wp\/v2\/types\/post"}],"author":[{"embeddable":true,"href":"https:\/\/www.interaccionnoticias.com.mx\/index.php?rest_route=\/wp\/v2\/users\/19"}],"replies":[{"embeddable":true,"href":"https:\/\/www.interaccionnoticias.com.mx\/index.php?rest_route=%2Fwp%2Fv2%2Fcomments&post=44546"}],"version-history":[{"count":1,"href":"https:\/\/www.interaccionnoticias.com.mx\/index.php?rest_route=\/wp\/v2\/posts\/44546\/revisions"}],"predecessor-version":[{"id":44548,"href":"https:\/\/www.interaccionnoticias.com.mx\/index.php?rest_route=\/wp\/v2\/posts\/44546\/revisions\/44548"}],"wp:featuredmedia":[{"embeddable":true,"href":"https:\/\/www.interaccionnoticias.com.mx\/index.php?rest_route=\/wp\/v2\/media\/44547"}],"wp:attachment":[{"href":"https:\/\/www.interaccionnoticias.com.mx\/index.php?rest_route=%2Fwp%2Fv2%2Fmedia&parent=44546"}],"wp:term":[{"taxonomy":"category","embeddable":true,"href":"https:\/\/www.interaccionnoticias.com.mx\/index.php?rest_route=%2Fwp%2Fv2%2Fcategories&post=44546"},{"taxonomy":"post_tag","embeddable":true,"href":"https:\/\/www.interaccionnoticias.com.mx\/index.php?rest_route=%2Fwp%2Fv2%2Ftags&post=44546"}],"curies":[{"name":"wp","href":"https:\/\/api.w.org\/{rel}","templated":true}]}}