{"id":44524,"date":"2022-04-28T13:45:50","date_gmt":"2022-04-28T18:45:50","guid":{"rendered":"https:\/\/interaccionnoticias.com.mx\/?p=44524"},"modified":"2022-04-28T13:45:55","modified_gmt":"2022-04-28T18:45:55","slug":"el-1-de-mayo-regresa-felix-salgado-al-senado","status":"publish","type":"post","link":"https:\/\/www.interaccionnoticias.com.mx\/?p=44524","title":{"rendered":"El 1 de mayo, regresa F\u00e9lix Salgado al Senado"},"content":{"rendered":"\n<p><strong><em>&#8212; \u201cNos vemos INE\u201d, advierte el tres veces candidato a la gubernatura<\/em><\/strong><\/p>\n\n\n\n<p><strong>Rogelio Agust\u00edn<\/strong><\/p>\n\n\n\n<p>El tres veces candidato a la gubernatura, F\u00e9lix Salgado Macedonio confirm\u00f3 que regresar\u00e1 al Senado de la Rep\u00fablica el pr\u00f3ximo 1 de mayo, con la intenci\u00f3n de participar en la discusi\u00f3n sobre la Reforma Electoral.<\/p>\n\n\n\n<p>En una transmisi\u00f3n realizada desde su p\u00e1gina de Facebook, Salgado Macedonio se dirigi\u00f3 a un grupo de seguidores para dar a conocer su determinaci\u00f3n.<\/p>\n\n\n\n<p>\u201cAprovecho la oportunidad para dar a conocer que he decidido regresar al Senado de la Rep\u00fablica a partir del 1 de mayo\u201d, se\u00f1al\u00f3 en un primer momento, mientras era ovacionado por los simpatizantes que lo acompa\u00f1aban en el sal\u00f3n \u201cJard\u00edn del Toro\u201d.<\/p>\n\n\n\n<p>Luego justific\u00f3 la decisi\u00f3n asumida: \u201cRegreso porque no me quiero perder el debate de la Reforma Electoral, quiero participar en el debate\u201d.<\/p>\n\n\n\n<p>Mirando hacia el dispositivo m\u00f3vil que transmit\u00eda la reuni\u00f3n, Salgado Macedonio lanz\u00f3 una advertencia: \u201cNos vemos INE\u201d.<\/p>\n\n\n\n<p>La transmisi\u00f3n fue breve, cerr\u00f3 cuando los simpatizantes del autodenominado \u201cToro sin cerca\u201d lanzaban la consigna que prevaleci\u00f3 cuando fue separado de la candidatura a gobernador: \u00a1Va a caer\/ va a caer\/ el INE va a caer!<\/p>\n\n\n\n<p>Actualmente, la curul de Salgado es ocupada por el doctor Sa\u00fal L\u00f3pez Sollano, veterano luchador social, sobreviviente de la Guerra Sucia de los a\u00f1os setentas, quien es considerado como uno de los l\u00edderes hist\u00f3ricos de la izquierda partidista en Guerrero.<\/p>\n","protected":false},"excerpt":{"rendered":"<p>&#8212; \u201cNos vemos INE\u201d, advierte el tres veces candidato a la gubernatura Rogelio Agust\u00edn El tres veces candidato a la gubernatura, F\u00e9lix Salgado Macedonio confirm\u00f3 que regresar\u00e1 al Senado de&hellip; <\/p>\n","protected":false},"author":21,"featured_media":44525,"comment_status":"open","ping_status":"open","sticky":false,"template":"","format":"standard","meta":{"fifu_image_url":"","fifu_image_alt":"","footnotes":""},"categories":[21],"tags":[],"class_list":["post-44524","post","type-post","status-publish","format-standard","has-post-thumbnail","hentry","category-politica"],"_links":{"self":[{"href":"https:\/\/www.interaccionnoticias.com.mx\/index.php?rest_route=\/wp\/v2\/posts\/44524","targetHints":{"allow":["GET"]}}],"collection":[{"href":"https:\/\/www.interaccionnoticias.com.mx\/index.php?rest_route=\/wp\/v2\/posts"}],"about":[{"href":"https:\/\/www.interaccionnoticias.com.mx\/index.php?rest_route=\/wp\/v2\/types\/post"}],"author":[{"embeddable":true,"href":"https:\/\/www.interaccionnoticias.com.mx\/index.php?rest_route=\/wp\/v2\/users\/21"}],"replies":[{"embeddable":true,"href":"https:\/\/www.interaccionnoticias.com.mx\/index.php?rest_route=%2Fwp%2Fv2%2Fcomments&post=44524"}],"version-history":[{"count":1,"href":"https:\/\/www.interaccionnoticias.com.mx\/index.php?rest_route=\/wp\/v2\/posts\/44524\/revisions"}],"predecessor-version":[{"id":44526,"href":"https:\/\/www.interaccionnoticias.com.mx\/index.php?rest_route=\/wp\/v2\/posts\/44524\/revisions\/44526"}],"wp:featuredmedia":[{"embeddable":true,"href":"https:\/\/www.interaccionnoticias.com.mx\/index.php?rest_route=\/wp\/v2\/media\/44525"}],"wp:attachment":[{"href":"https:\/\/www.interaccionnoticias.com.mx\/index.php?rest_route=%2Fwp%2Fv2%2Fmedia&parent=44524"}],"wp:term":[{"taxonomy":"category","embeddable":true,"href":"https:\/\/www.interaccionnoticias.com.mx\/index.php?rest_route=%2Fwp%2Fv2%2Fcategories&post=44524"},{"taxonomy":"post_tag","embeddable":true,"href":"https:\/\/www.interaccionnoticias.com.mx\/index.php?rest_route=%2Fwp%2Fv2%2Ftags&post=44524"}],"curies":[{"name":"wp","href":"https:\/\/api.w.org\/{rel}","templated":true}]}}