{"id":44512,"date":"2022-04-28T12:40:26","date_gmt":"2022-04-28T17:40:26","guid":{"rendered":"https:\/\/interaccionnoticias.com.mx\/?p=44512"},"modified":"2022-04-28T12:42:31","modified_gmt":"2022-04-28T17:42:31","slug":"despenalizacion-del-aborto-provoca-golpe-de-estado-en-la-comision-de-justicia-del-congreso-de-guerrero","status":"publish","type":"post","link":"https:\/\/www.interaccionnoticias.com.mx\/?p=44512","title":{"rendered":"Despenalizaci\u00f3n del aborto provoca \u201cgolpe de estado\u201d en la Comisi\u00f3n de Justicia del Congreso de Guerrero"},"content":{"rendered":"\n<p>\u2014 Tres integrantes de la Comisi\u00f3n sesionan de manera extraordinaria, aunque el presidente, Jes\u00fas Parra Garc\u00eda denuncia que se trata de un \u201cagandalle\u201d<br>\u2014 Antes de la instalaci\u00f3n, hubo una confrontaci\u00f3n verbal entre los diputados de Morena, PRI, PRD y PAN<\/p>\n\n\n\n<p>Rogelio Agust\u00edn<\/p>\n\n\n\n<p>La determinaci\u00f3n de dictaminar la despenalizaci\u00f3n del aborto en una sesi\u00f3n extraordinaria de la Comisi\u00f3n de Justicia, sin el aval del presidente de la misma, Jes\u00fas Parra Garc\u00eda, provoc\u00f3 una confrontaci\u00f3n verbal entre diputados locales de Morena, PRI, PAN y PRD.<br>La ma\u00f1ana del jueves, tres de cinco integrantes de la Comisi\u00f3n de Justicia se alistaban para iniciar una sesi\u00f3n de trabajo extraordinaria, en la que tratar\u00edan de emitir un dictamen relacionado con la despenalizaci\u00f3n del aborto en el estado de Guerrero.<br>A la sala Jos\u00e9 Francisco Ruiz Massieu, llegaron poco despu\u00e9s de las 09:00 horas tres representantes populares; la secretaria de la Comisi\u00f3n de Justicia, Beatriz Mojica Morga, quien es integrante de la bancada de Morena, su compa\u00f1era de partido, Estrella de la Paz Bernal y el perredista Bernardo Ortega Jim\u00e9nez, quien funge como vocal.<br>No estaban convocados, pero llegaron a la sala Ruiz Massieu, el pri\u00edsta Jes\u00fas Parra Garc\u00eda, quien es presidente de la comisi\u00f3n y la panista Analenis Res\u00e9ndiz Javier.<br>Ellos reclamaron que se les haya excluido deliberadamente de los trabajos, generando lo que bien puede considerarse como un \u201calbazo legislativo\u201d, incluso, como un golpe de estado en la Comisi\u00f3n de Justicia.<br>Parra Garc\u00eda lo resumi\u00f3 en \u201cun agandalle\u201d.<\/p>\n\n\n\n<p>Piden no torcer el procedimiento legislativo<\/p>\n\n\n\n<p>Aunque aclar\u00f3 que no se encuentra a favor ni en contra de la despenalizaci\u00f3n del aborto, el presidente de la comisi\u00f3n dictaminadora, Jes\u00fas Parra hizo un llamado a sus compa\u00f1eras de Morena; Beatriz Mojica y Estrella de la Paz, a no incurrir en una acci\u00f3n que implica torcer un procedimiento legislativo.<br>Record\u00f3 que al seno de la comisi\u00f3n ya se tiene considerada para presentar el dictamen correspondiente ante el Pleno, la cual est\u00e1 considerada para el pr\u00f3ximo 7 de junio.<br>Record\u00f3 que son varias las legislaturas en las que el tema no se ha podido desahogar, por ello es que resulta importante contar ya con una ruta definida y por lo tanto, se debe trabajar con responsabilidad, para que el Congreso tenga certeza jur\u00eddica respecto a sus actuaciones.<br>\u201cQue no sea la comisi\u00f3n de justicia la que viole la ley\u201d, alert\u00f3 el diputado Parra Garc\u00eda, ex alcalde de Chilapa.<br>Aclar\u00f3 que estaba en el lugar como un diputado m\u00e1s, no como presidente de la Comisi\u00f3n de Justicia y precis\u00f3: \u201cNo vengo a presidir ninguna sesi\u00f3n, porque esta sesi\u00f3n fue convocada de manera ilegal, no les cabe el uso del derecho ni de la raz\u00f3n\u201d.<br>Dijo que ha mostrado disposici\u00f3n para trabajar, no se ha negado a convocar a las sesiones y por lo tanto, llam\u00f3 a no generar leyes que sean in\u00fatiles para la sociedad.<br>Lo respald\u00f3 la panista Analenis Res\u00e9ndiz Javier, quien les record\u00f3 que ya existe un cronograma de actividades al seno de la Comisi\u00f3n de Justicia y que debe respetarse, pues fue respaldado por tres de los cinco integrantes.<\/p>\n\n\n\n<p>No hagamos del Congreso un circo<\/p>\n\n\n\n<p>\u201cLo que hacemos es legal\u201d, asegur\u00f3 la morenista Beatriz Mojica Morga, quien calific\u00f3 al cronograma como una imposici\u00f3n ilegal, adem\u00e1s de acusar a su presidente de apegarse a derecho solamente cuando le conviene.<br>\u201cComo secretaria de la comisi\u00f3n, la ley nos faculta para convocar\u201d, insisti\u00f3.<br>Parra Garc\u00eda le replic\u00f3 que eso solo aplica cuando el presidente se opone a sesionar o se ausenta injustificadamente, pero aclar\u00f3 que ese no es el caso.<br>Le recrimin\u00f3 al priista haber citado a dos magistrados del Poder Judicial local para habar sobre el tema, sin tomar en cuenta a los dem\u00e1s integrantes y tambi\u00e9n, de prolongar deliberadamente los trabajos para retrasar la emisi\u00f3n del dictamen.<br>\u201cLe voy a pedir secretaria de esta comisi\u00f3n, respeto al presidente, que no te excedas en tus funciones, no te excedas porque nunca hubo negativa de un servidor para sesionar, esta es la primera vez que dicha iniciativa tiene una fecha establecida, pero ahora vienen a querer torcer el procedimiento\u201d.<br>Advirti\u00f3: \u201cEsta sesi\u00f3n no ser\u00e1 avalada por el presidente de la comisi\u00f3n y es el derecho a saber lo que est\u00e1 pasando\u201d.<br>A la sala Ruiz Massieu lleg\u00f3 el presidente de la Junta de Coordinaci\u00f3n Pol\u00edtica (Jucopo), Alfredo S\u00e1nchez Esquivel, quien aclar\u00f3 que estaba ah\u00ed para exhortar a que los trabajos se desarrollaran con orden, pero indic\u00f3: \u201cQue quede claro, yo no estoy en la sesi\u00f3n\u201d.<br>Dijo que con base a la Ley Org\u00e1nica, la secretaria (Beatriz Mojica) tiene derecho a convocar a sesi\u00f3n extraordinaria, a lo que Jes\u00fas Parra le refut\u00f3: \u201csiempre y cuando el presidente no est\u00e9 o se niegue a trabajar\u201d.<br>-As\u00ed es la ley, yo no la hice.<br>Dijo Jes\u00fas Parra en un dialogo directo Jes\u00fas Parra<br>-Yo tampoco, la secretaria puede convocar.<br>Revir\u00f3 el coordinador de Morena-<br>-Lo que pasa es que haz hecho lo que quieres del Congreso, acus\u00f3 Parra mientras se dibujaba una mueca en el rostro del diputado S\u00e1nchez.<br>En ese momento la diputada Estrella de la Paz intervino para solicitar que no se Convirtiera al Congreso en un circo, por lo que demand\u00f3: \u201chay que centrarnos en el tema\u201d.<\/p>\n\n\n\n<p>Se consuma el \u201cagandalle\u201d<\/p>\n\n\n\n<p>La pri\u00edsta Julieta Fern\u00e1ndez denunci\u00f3 que muchas veces la Ley Org\u00e1nica del Congreso se utiliza para el beneficio de unos cuantas, por lo demand\u00f3 que haya respeto para la Comisi\u00f3n de Justicia, en la que Morena tiene dos integrantes directos.<br>\u201cEsta reuni\u00f3n es ilegal y tambi\u00e9n autoritaria\u201d, fustig\u00f3 Fern\u00e1ndez M\u00e1rquez, mientras Beatriz Mojica consideraba el tema como ya suficientemente discutido, por lo que resolvi\u00f3 seguir adelante.<br>\u201cSi no hay mas, ser\u00e1n otras instancias las que determinen la legalidad de la sesi\u00f3n, yo le reitero la invitaci\u00f3n al presidente para integrarse a presidir la sesi\u00f3n, pero si no hay m\u00e1s, tambi\u00e9n los invito a permitir que sigamos adelante con los trabajos\u201d, dijo en tono imperativo Mojica Morga.<br>Jes\u00fas Parra parec\u00eda resignarse al mayoriteo, por lo que estaba apunto de abandonar la sala con el argumento de que la sesi\u00f3n no ser\u00eda legal.<br>El perredista Bernardo Ortega Jim\u00e9nez trat\u00f3 de calmar los \u00e1nimos, consider\u00f3 que los \u00e1nimos se encontraban sumamente caldeados, por lo que lanz\u00f3 una propuesta que permiti\u00f3 disminuir la tensi\u00f3n, o por lo menos desalojar de la sala Ruiz Massieu a los trabajadores de los medios de comunicaci\u00f3n.<br>Ortega Jim\u00e9nez propuso que Jes\u00fas Parra se quedara en la sala para sostener una charla sobre el tema, pero no de car\u00e1cter oficial.<br>Parra Garc\u00eda acept\u00f3, aclarando que no se quedar\u00eda a presidir ninguna sesi\u00f3n, lo que fue aceptado por su compa\u00f1era Beatriz Mojica.<br>Una vez que los integrantes de la Comisi\u00f3n de Justicia pactaron reunirse en privado, aunque no de manera oficial, los diputados que no eran parte de dicho cuerpo colegiado, as\u00ed como los medios de comunicaci\u00f3n fueron \u201cinvitados\u201d a retirarse.<br>Platicando \u201cen corto\u201d, los diputados que integran la Comisi\u00f3n de Justicia tratar\u00edan de alcanzar un acuerdo, aunque en la periferia del Congreso, las manifestaciones a favor y en contra de la despenalizaci\u00f3n del aborto comenzaban a tomar fuerza.<br>Pasado el mediod\u00eda, el presidente de la Comisi\u00f3n de Justicia declaraba que no hubo ning\u00fan acuerdo, de tal manera que ya se hab\u00eda instalado ilegalmente la sesi\u00f3n, a pesar de que el presidente estaba claramente en contra.<br>Advirti\u00f3 que todo lo que se resuelva este jueves resulta impugnable, por lo que llegado el momento har\u00e1 valer los recursos legales ante las instancias correspondientes.<\/p>\n","protected":false},"excerpt":{"rendered":"<p>\u2014 Tres integrantes de la Comisi\u00f3n sesionan de manera extraordinaria, aunque el presidente, Jes\u00fas Parra Garc\u00eda denuncia que se trata de un \u201cagandalle\u201d\u2014 Antes de la instalaci\u00f3n, hubo una confrontaci\u00f3n&hellip; <\/p>\n","protected":false},"author":21,"featured_media":44509,"comment_status":"open","ping_status":"open","sticky":false,"template":"","format":"standard","meta":{"fifu_image_url":"","fifu_image_alt":"","footnotes":""},"categories":[2],"tags":[],"class_list":["post-44512","post","type-post","status-publish","format-standard","has-post-thumbnail","hentry","category-congreso"],"_links":{"self":[{"href":"https:\/\/www.interaccionnoticias.com.mx\/index.php?rest_route=\/wp\/v2\/posts\/44512","targetHints":{"allow":["GET"]}}],"collection":[{"href":"https:\/\/www.interaccionnoticias.com.mx\/index.php?rest_route=\/wp\/v2\/posts"}],"about":[{"href":"https:\/\/www.interaccionnoticias.com.mx\/index.php?rest_route=\/wp\/v2\/types\/post"}],"author":[{"embeddable":true,"href":"https:\/\/www.interaccionnoticias.com.mx\/index.php?rest_route=\/wp\/v2\/users\/21"}],"replies":[{"embeddable":true,"href":"https:\/\/www.interaccionnoticias.com.mx\/index.php?rest_route=%2Fwp%2Fv2%2Fcomments&post=44512"}],"version-history":[{"count":1,"href":"https:\/\/www.interaccionnoticias.com.mx\/index.php?rest_route=\/wp\/v2\/posts\/44512\/revisions"}],"predecessor-version":[{"id":44513,"href":"https:\/\/www.interaccionnoticias.com.mx\/index.php?rest_route=\/wp\/v2\/posts\/44512\/revisions\/44513"}],"wp:featuredmedia":[{"embeddable":true,"href":"https:\/\/www.interaccionnoticias.com.mx\/index.php?rest_route=\/wp\/v2\/media\/44509"}],"wp:attachment":[{"href":"https:\/\/www.interaccionnoticias.com.mx\/index.php?rest_route=%2Fwp%2Fv2%2Fmedia&parent=44512"}],"wp:term":[{"taxonomy":"category","embeddable":true,"href":"https:\/\/www.interaccionnoticias.com.mx\/index.php?rest_route=%2Fwp%2Fv2%2Fcategories&post=44512"},{"taxonomy":"post_tag","embeddable":true,"href":"https:\/\/www.interaccionnoticias.com.mx\/index.php?rest_route=%2Fwp%2Fv2%2Ftags&post=44512"}],"curies":[{"name":"wp","href":"https:\/\/api.w.org\/{rel}","templated":true}]}}