{"id":44501,"date":"2022-04-27T21:51:37","date_gmt":"2022-04-28T02:51:37","guid":{"rendered":"https:\/\/interaccionnoticias.com.mx\/?p=44501"},"modified":"2022-04-27T21:51:43","modified_gmt":"2022-04-28T02:51:43","slug":"violencia-en-acapulco-reaccion-ante-los-operativos-contra-el-crimen","status":"publish","type":"post","link":"https:\/\/www.interaccionnoticias.com.mx\/?p=44501","title":{"rendered":"Violencia en Acapulco, reacci\u00f3n ante los operativos contra el crimen"},"content":{"rendered":"\n<p><strong><em>&#8211; Secretario de Gobierno sostiene que los resultados son evidentes<\/em><\/strong><\/p>\n\n\n\n<p><strong>Dassaev T\u00e9llez Adame<\/strong><\/p>\n\n\n\n<p><strong>Chilpancingo, 27 de abril.- <\/strong>Los actos de violencia registrados en el puerto de Acapulco y en Chilpancingo, en los \u00faltimos, son reacciones a los operativos que se est\u00e1n haciendo por parte de la Secretar\u00eda de Seguridad P\u00fablica (SSP) en coordinaci\u00f3n con la Guardia Nacional (GN) y de la Secretar\u00eda de la Defensa Nacional (SEDENA) declar\u00f3 el secretario general de gobierno Ludwig Marcial Reynoso N\u00fa\u00f1ez.<\/p>\n\n\n\n<p>Dijo esperar que estos hechos comiencen a disminuir, adem\u00e1s de que est\u00e1n haciendo los ajustes correspondientes para disminuirlos, asegurando que esto (haciendo referencia a la Mesa de Coordinaci\u00f3n por la Paz) \u201ces un tema de discusi\u00f3n.<\/p>\n\n\n\n<p>Adem\u00e1s, mencion\u00f3 que se aumentar\u00e1n los operativos en Chilpancingo ante el secuestro de una persona en el centro de la ciudad y el intento de privar de la libertad al esposo de la presidenta de la Comisi\u00f3n de los Derechos Humanos del Estado de Guerrero, Cecilia Narciso Gayt\u00e1n, \u201cse est\u00e1 trabajando en el tema, se va a generar operativos, esto es de ajustes, esto se va ajustando con conforme va d\u00e1ndose el tema de criminalidad\u201d.<\/p>\n\n\n\n<p>Se le cuestion\u00f3 si se pedir\u00eda a la federaci\u00f3n m\u00e1s elementos de seguridad, para sumarse en los operativos, a lo que respondi\u00f3 que de ser necesario se pedir\u00e1 el apoyo, pero que por el momento, son suficientes los elementos que se tienen en los operativos; tambi\u00e9n se le cuestiono respecto al cambio de mando de la GN.<\/p>\n\n\n\n<p>\u201cEsto es de ajustes, se va ajustando conforme se va dando el tema de la criminalidad\u2026los cambios en estas instancias son normales (refiri\u00e9ndose al cambio de mando de la GN en Guerrero), pero el compromiso de la federaci\u00f3n es seguir apoyando al estado con todo en materia de seguridad\u201d, respondi\u00f3.<\/p>\n\n\n\n<p>Adem\u00e1s, puntualizo que, en caso de ser necesario, solicitar\u00eda a la federaci\u00f3n un refuerzo m\u00e1s de fuerzas federales, pero que al momento no es necesario porque existen los elementos suficientes para el trabajo de la seguridad en el estado.<\/p>\n\n\n\n<p>Por otro lado, en cuanto al tema de la protesta hecha por trabajadores de la Fiscal\u00eda General del Estado (FGE), dijo que no existe una mala relaci\u00f3n de los trabajadores con la Fiscal general, ya que esto podr\u00eda ser interpretado como un mal entendimiento de algunas din\u00e1micas y pol\u00edticas que se han estado estableciendo.<\/p>\n","protected":false},"excerpt":{"rendered":"<p>&#8211; Secretario de Gobierno sostiene que los resultados son evidentes Dassaev T\u00e9llez Adame Chilpancingo, 27 de abril.- Los actos de violencia registrados en el puerto de Acapulco y en Chilpancingo,&hellip; <\/p>\n","protected":false},"author":9,"featured_media":44499,"comment_status":"open","ping_status":"open","sticky":false,"template":"","format":"standard","meta":{"fifu_image_url":"","fifu_image_alt":"","footnotes":""},"categories":[11],"tags":[213],"class_list":["post-44501","post","type-post","status-publish","format-standard","has-post-thumbnail","hentry","category-guerrero","tag-ludwig-marcial-reynoso-nunez"],"_links":{"self":[{"href":"https:\/\/www.interaccionnoticias.com.mx\/index.php?rest_route=\/wp\/v2\/posts\/44501","targetHints":{"allow":["GET"]}}],"collection":[{"href":"https:\/\/www.interaccionnoticias.com.mx\/index.php?rest_route=\/wp\/v2\/posts"}],"about":[{"href":"https:\/\/www.interaccionnoticias.com.mx\/index.php?rest_route=\/wp\/v2\/types\/post"}],"author":[{"embeddable":true,"href":"https:\/\/www.interaccionnoticias.com.mx\/index.php?rest_route=\/wp\/v2\/users\/9"}],"replies":[{"embeddable":true,"href":"https:\/\/www.interaccionnoticias.com.mx\/index.php?rest_route=%2Fwp%2Fv2%2Fcomments&post=44501"}],"version-history":[{"count":1,"href":"https:\/\/www.interaccionnoticias.com.mx\/index.php?rest_route=\/wp\/v2\/posts\/44501\/revisions"}],"predecessor-version":[{"id":44502,"href":"https:\/\/www.interaccionnoticias.com.mx\/index.php?rest_route=\/wp\/v2\/posts\/44501\/revisions\/44502"}],"wp:featuredmedia":[{"embeddable":true,"href":"https:\/\/www.interaccionnoticias.com.mx\/index.php?rest_route=\/wp\/v2\/media\/44499"}],"wp:attachment":[{"href":"https:\/\/www.interaccionnoticias.com.mx\/index.php?rest_route=%2Fwp%2Fv2%2Fmedia&parent=44501"}],"wp:term":[{"taxonomy":"category","embeddable":true,"href":"https:\/\/www.interaccionnoticias.com.mx\/index.php?rest_route=%2Fwp%2Fv2%2Fcategories&post=44501"},{"taxonomy":"post_tag","embeddable":true,"href":"https:\/\/www.interaccionnoticias.com.mx\/index.php?rest_route=%2Fwp%2Fv2%2Ftags&post=44501"}],"curies":[{"name":"wp","href":"https:\/\/api.w.org\/{rel}","templated":true}]}}