{"id":44488,"date":"2022-04-27T19:08:14","date_gmt":"2022-04-28T00:08:14","guid":{"rendered":"https:\/\/interaccionnoticias.com.mx\/?p=44488"},"modified":"2022-04-27T19:08:19","modified_gmt":"2022-04-28T00:08:19","slug":"dirigen-apercibimiento-en-contra-de-director-de-comunicacion-social-del-congreso-de-guerrero","status":"publish","type":"post","link":"https:\/\/www.interaccionnoticias.com.mx\/?p=44488","title":{"rendered":"Dirigen apercibimiento en contra de director de Comunicaci\u00f3n Social del Congreso de Guerrero"},"content":{"rendered":"\n<p><strong><em>&#8212; Por trabajar de manera parcial, solo a favor de la Jucopo<\/em><\/strong><\/p>\n\n\n\n<p><strong>Rogelio Agust\u00edn<\/strong><\/p>\n\n\n\n<p>En tribuna, la presidenta de la Mesa Directiva del Congreso local, Flor A\u00f1orve Ocampo hizo un apercibimiento al encargado de despacho de la Direcci\u00f3n General de Comunicaci\u00f3n Social (DGCS), C\u00e9sar Felipe Leyva por no desempe\u00f1ar sus funciones de manera responsable, imparcial ni equitativa, pues solamente atiende las indicaciones de la presidencia de la Junta de Coordinaci\u00f3n Pol\u00edtica (Jucopo).<\/p>\n\n\n\n<p>La jornada legislativa del mi\u00e9rcoles 27 de abril, la tambi\u00e9n integrante de la fracci\u00f3n parlamentaria del PRI hizo una exposici\u00f3n de las atribuciones legales y las obligaciones que tienen para con la sociedad los servidores p\u00fablicos.<\/p>\n\n\n\n<p>Advirti\u00f3 que cuando los servidores p\u00fablicos desatienden sus responsabilidades, lo hacen por ignorancia, inter\u00e9s personal, de grupo y en el peor de los casos, por corrupci\u00f3n.<\/p>\n\n\n\n<p>Ese tipo de actitudes en los servidores p\u00fablicos ofende, por eso es que deben tomarse las medidas adecuadas para evitarlas.<\/p>\n\n\n\n<p>Para darle contexto a la intervenci\u00f3n, destac\u00f3 que el accionar de la funci\u00f3n p\u00fablica se enmarca en la responsabilidad sustentada en el art\u00edculo 113 constitucional, en donde tambi\u00e9n se se\u00f1ala que todo servidor publico incurre en la ilegalidad cuando falta deliberadamente al cumplimiento de sus funciones.<\/p>\n\n\n\n<p>En consecuencia, record\u00f3 que el Congreso de Guerrero, dentro de su estructura org\u00e1nica cuenta con una Direcci\u00f3n de Comunicaci\u00f3n Social, la cual tiene a su cargo dise\u00f1ar estrategias de manera institucional.<\/p>\n\n\n\n<p>Entre otras cosas, dijo que la Direcci\u00f3n de Comunicaci\u00f3n Social del Congreso tiene la responsabilidad de difundir las actividades legislativas, pero de todos los integrantes del Poder Legislativo, no solo de la presidencia de la Jucopo.<\/p>\n\n\n\n<p>Bajo dicha circunstancia, record\u00f3 que el 18 de abril, ella solicit\u00f3 a la Direcci\u00f3n de Comunicaci\u00f3n Social, a cargo de C\u00e9sar Felipe Leyva, difundir un bolet\u00edn derivado de la conferencia a la que convoc\u00f3 para deslindarse de la alteraci\u00f3n del segundo transitorio de la Ley 179.<\/p>\n\n\n\n<p>\u201cEn un acto por dem\u00e1s irresponsable, desafiando la institucionalidad hizo caso omiso y no difundi\u00f3 las actividades de la presidencia de la Mesa Directiva, deja en claro su ineficiencia y falta de capacidad para atender su responsabilidad, violentando adem\u00e1s los derechos de los diputados y diputadas\u201d, se\u00f1al\u00f3.<\/p>\n\n\n\n<p>Dijo que el actual titular de comunicaci\u00f3n social del Congreso no garantiza la informaci\u00f3n veraz y oportuna, al no cumplir los principios de pluralidad, objetividad e imparcialidad, por lo que advirti\u00f3: \u201cEsta legislatura no puede ni debe permitir ese tipo de desplantes de los servidores p\u00fablicos, menos en un \u00e1rea tan importante, por lo que debe hacer el apercibimiento correspondiente\u201d.<\/p>\n\n\n\n<p>Y solicit\u00f3: \u201cEs tiempo de que este congreso tome cartas y proceda a designar a los titulares de las \u00e1reas, para que sean personas id\u00f3neas, con capacidad y con un gran compromiso, para que se fortalezca el Congreso\u201d.<\/p>\n","protected":false},"excerpt":{"rendered":"<p>&#8212; Por trabajar de manera parcial, solo a favor de la Jucopo Rogelio Agust\u00edn En tribuna, la presidenta de la Mesa Directiva del Congreso local, Flor A\u00f1orve Ocampo hizo un&hellip; <\/p>\n","protected":false},"author":21,"featured_media":44489,"comment_status":"open","ping_status":"open","sticky":false,"template":"","format":"standard","meta":{"fifu_image_url":"","fifu_image_alt":"","footnotes":""},"categories":[2],"tags":[],"class_list":["post-44488","post","type-post","status-publish","format-standard","has-post-thumbnail","hentry","category-congreso"],"_links":{"self":[{"href":"https:\/\/www.interaccionnoticias.com.mx\/index.php?rest_route=\/wp\/v2\/posts\/44488","targetHints":{"allow":["GET"]}}],"collection":[{"href":"https:\/\/www.interaccionnoticias.com.mx\/index.php?rest_route=\/wp\/v2\/posts"}],"about":[{"href":"https:\/\/www.interaccionnoticias.com.mx\/index.php?rest_route=\/wp\/v2\/types\/post"}],"author":[{"embeddable":true,"href":"https:\/\/www.interaccionnoticias.com.mx\/index.php?rest_route=\/wp\/v2\/users\/21"}],"replies":[{"embeddable":true,"href":"https:\/\/www.interaccionnoticias.com.mx\/index.php?rest_route=%2Fwp%2Fv2%2Fcomments&post=44488"}],"version-history":[{"count":1,"href":"https:\/\/www.interaccionnoticias.com.mx\/index.php?rest_route=\/wp\/v2\/posts\/44488\/revisions"}],"predecessor-version":[{"id":44490,"href":"https:\/\/www.interaccionnoticias.com.mx\/index.php?rest_route=\/wp\/v2\/posts\/44488\/revisions\/44490"}],"wp:featuredmedia":[{"embeddable":true,"href":"https:\/\/www.interaccionnoticias.com.mx\/index.php?rest_route=\/wp\/v2\/media\/44489"}],"wp:attachment":[{"href":"https:\/\/www.interaccionnoticias.com.mx\/index.php?rest_route=%2Fwp%2Fv2%2Fmedia&parent=44488"}],"wp:term":[{"taxonomy":"category","embeddable":true,"href":"https:\/\/www.interaccionnoticias.com.mx\/index.php?rest_route=%2Fwp%2Fv2%2Fcategories&post=44488"},{"taxonomy":"post_tag","embeddable":true,"href":"https:\/\/www.interaccionnoticias.com.mx\/index.php?rest_route=%2Fwp%2Fv2%2Ftags&post=44488"}],"curies":[{"name":"wp","href":"https:\/\/api.w.org\/{rel}","templated":true}]}}