{"id":44477,"date":"2022-04-27T17:28:43","date_gmt":"2022-04-27T22:28:43","guid":{"rendered":"https:\/\/interaccionnoticias.com.mx\/?p=44477"},"modified":"2022-04-27T17:28:49","modified_gmt":"2022-04-27T22:28:49","slug":"confirman-que-habra-relevo-en-la-jucopo-del-congreso-de-guerrero","status":"publish","type":"post","link":"https:\/\/www.interaccionnoticias.com.mx\/?p=44477","title":{"rendered":"Confirman que habr\u00e1 relevo en la Jucopo del Congreso de Guerrero"},"content":{"rendered":"\n<p><strong><em>&#8211; Es un acuerdo que no estar\u00e1 al frente toda la Legislatura, se\u00f1ala Alfredo S\u00e1nchez Esquivel<br>&#8211; Aclara que no ser\u00e1 inmediato, ni consecuencia de la modificaci\u00f3n al art\u00edculo segundo de los transitorios de la Ley 179<\/em><\/strong><\/p>\n\n\n\n<p><strong>Rogelio Agust\u00edn<\/strong><\/p>\n\n\n\n<p>El presidente de la Junta de Coordinaci\u00f3n Pol\u00edtica del Congreso local, Alfredo S\u00e1nchez Esquivel confirm\u00f3 que ser\u00e1 relevado de la fracci\u00f3n parlamentaria de Morena, aunque aclar\u00f3 que no ser\u00e1 consecuencia del esc\u00e1ndalo generado por la modificaci\u00f3n al art\u00edculo segundo, de los transitorios de la Ley 179, del Sistema de Seguridad P\u00fablica del Estado de Guerrero.<\/p>\n\n\n\n<p>En las instalaciones del Congreso local, S\u00e1nchez Esquivel confirm\u00f3 que al seno de la bancada de Morena s\u00ed se ha comentado la posibilidad de que haya un cambio de coordinador, aunque aclar\u00f3 que el relevo no se desarrollar\u00e1 en un ambiente de rispidez ni de confrontaci\u00f3n.<\/p>\n\n\n\n<p>\u00abEs un hecho que no estar\u00e9 todo el tiempo (que comprende la 63 Legislatura), porque es un acuerdo darle la oportunidad a nuevos cuadros\u00bb, dijo el actual l\u00edder del Congreso de Guerrero.<\/p>\n\n\n\n<p>Lo anterior, porque en Morena han aprendido de los errores del pasado, para no generar la incertidumbre registrada en diferentes momentos de la 62 Legislatura, cuando Morena lleg\u00f3 tener hasta cuatro coordinadores de fracci\u00f3n y en consecuencia, igual n\u00famero de presidentes de la Jucopo.<\/p>\n\n\n\n<p>Anticip\u00f3 que el cambio ser\u00e1 producto de un acuerdo un\u00e1nime, teniendo como l\u00edmite un a\u00f1o por cada coordinador, lo que equivale a igual n\u00famero de presidentes de la Jucopo.<\/p>\n\n\n\n<p>Neg\u00f3 que la determinaci\u00f3n de mover al coordinador de fracci\u00f3n y en consecuencia, al presidente de la Jucopo, derive del esc\u00e1ndalo que provoc\u00f3 el cambio en la redacci\u00f3n del art\u00edculo segundo de la Ley 179, que integra el Sistema Estatal de Seguridad P\u00fablica y que actualmente se investiga.<\/p>\n\n\n\n<p>Si esa fuera la causa, dijo que para estas alturas ya estar\u00eda fuera de la coordinaci\u00f3n, por lo que habr\u00eda perdido el cargo de presidente de la Jucopo, situaci\u00f3n que hasta el momento no ha sucedido.<\/p>\n\n\n\n<p>El relevo en la bancada de Morena, anticip\u00f3 que ser\u00e1 ordenado y con un amplio consenso.<\/p>\n","protected":false},"excerpt":{"rendered":"<p>&#8211; Es un acuerdo que no estar\u00e1 al frente toda la Legislatura, se\u00f1ala Alfredo S\u00e1nchez Esquivel&#8211; Aclara que no ser\u00e1 inmediato, ni consecuencia de la modificaci\u00f3n al art\u00edculo segundo de&hellip; <\/p>\n","protected":false},"author":21,"featured_media":44478,"comment_status":"open","ping_status":"open","sticky":false,"template":"","format":"standard","meta":{"fifu_image_url":"","fifu_image_alt":"","footnotes":""},"categories":[2],"tags":[],"class_list":["post-44477","post","type-post","status-publish","format-standard","has-post-thumbnail","hentry","category-congreso"],"_links":{"self":[{"href":"https:\/\/www.interaccionnoticias.com.mx\/index.php?rest_route=\/wp\/v2\/posts\/44477","targetHints":{"allow":["GET"]}}],"collection":[{"href":"https:\/\/www.interaccionnoticias.com.mx\/index.php?rest_route=\/wp\/v2\/posts"}],"about":[{"href":"https:\/\/www.interaccionnoticias.com.mx\/index.php?rest_route=\/wp\/v2\/types\/post"}],"author":[{"embeddable":true,"href":"https:\/\/www.interaccionnoticias.com.mx\/index.php?rest_route=\/wp\/v2\/users\/21"}],"replies":[{"embeddable":true,"href":"https:\/\/www.interaccionnoticias.com.mx\/index.php?rest_route=%2Fwp%2Fv2%2Fcomments&post=44477"}],"version-history":[{"count":1,"href":"https:\/\/www.interaccionnoticias.com.mx\/index.php?rest_route=\/wp\/v2\/posts\/44477\/revisions"}],"predecessor-version":[{"id":44479,"href":"https:\/\/www.interaccionnoticias.com.mx\/index.php?rest_route=\/wp\/v2\/posts\/44477\/revisions\/44479"}],"wp:featuredmedia":[{"embeddable":true,"href":"https:\/\/www.interaccionnoticias.com.mx\/index.php?rest_route=\/wp\/v2\/media\/44478"}],"wp:attachment":[{"href":"https:\/\/www.interaccionnoticias.com.mx\/index.php?rest_route=%2Fwp%2Fv2%2Fmedia&parent=44477"}],"wp:term":[{"taxonomy":"category","embeddable":true,"href":"https:\/\/www.interaccionnoticias.com.mx\/index.php?rest_route=%2Fwp%2Fv2%2Fcategories&post=44477"},{"taxonomy":"post_tag","embeddable":true,"href":"https:\/\/www.interaccionnoticias.com.mx\/index.php?rest_route=%2Fwp%2Fv2%2Ftags&post=44477"}],"curies":[{"name":"wp","href":"https:\/\/api.w.org\/{rel}","templated":true}]}}