{"id":44474,"date":"2022-04-27T15:07:53","date_gmt":"2022-04-27T20:07:53","guid":{"rendered":"https:\/\/interaccionnoticias.com.mx\/?p=44474"},"modified":"2022-04-27T15:07:57","modified_gmt":"2022-04-27T20:07:57","slug":"toma-posesion-nuevo-coordinador-de-la-guardia-nacional-en-guerrero","status":"publish","type":"post","link":"https:\/\/www.interaccionnoticias.com.mx\/?p=44474","title":{"rendered":"Toma posesi\u00f3n nuevo coordinador de la Guardia Nacional en Guerrero"},"content":{"rendered":"\n<p><strong>Jes\u00fas Dorantes<\/strong><\/p>\n\n\n\n<p><strong>Chilpancingo , Gro .-<\/strong> El comisario Marcos Burgos Legorreta tom\u00f3 posesi\u00f3n y protesta como el nuevo titular de la coordinaci\u00f3n estatal de la Guardia Nacional (GN) en el estado de Guerrero , la ma\u00f1ana del mi\u00e9rcoles en las instalaciones ubicadas en la zona sur de Chilpancingo.<\/p>\n\n\n\n<p>La toma de protesta se realiz\u00f3 en el cuartel de la GN que se encuentra en la salida a la comunidad de Petaquillas , donde se cont\u00f3 tambi\u00e9n con la presencia de la gobernadora Evelyn Salgado Pineda , el Secretario de Seguridad P\u00fablica Evelio M\u00e9ndez G\u00f3mez , la fiscal del estado Sandra Luz Valdovinos Salmer\u00f3n y la presidenta municipal Norma Otilia Hern\u00e1ndez Mart\u00ednez.<\/p>\n\n\n\n<p>Dentro de el acto protocolario se inform\u00f3 que por instrucci\u00f3n del presidente de la rep\u00fablica Andr\u00e9s Manuel L\u00f3pez Obrador se designio al comisario Marcos Burgos Legorreta como el nuevo coordinador de la Guardia Nacional en la entidad , relevando Lucio Vergara G\u00f3mez.<\/p>\n\n\n\n<p>En el evento tambi\u00e9n se dio a conocer la trayectoria de Burgos Legorreta , quien cuenta con 27 de servicio en el Ej\u00e9rcito Mexicano , fue coordinador de la GN en el estado de Veracruz , en Hidalgo fue coordinador de el Centro de Evaluaci\u00f3n y Confianza de la GN , adem\u00e1s de contar con estudios de contrainteligencia y contrainsurgencia.<\/p>\n","protected":false},"excerpt":{"rendered":"<p>Jes\u00fas Dorantes Chilpancingo , Gro .- El comisario Marcos Burgos Legorreta tom\u00f3 posesi\u00f3n y protesta como el nuevo titular de la coordinaci\u00f3n estatal de la Guardia Nacional (GN) en el&hellip; <\/p>\n","protected":false},"author":8,"featured_media":44475,"comment_status":"open","ping_status":"open","sticky":false,"template":"","format":"standard","meta":{"fifu_image_url":"","fifu_image_alt":"","footnotes":""},"categories":[27],"tags":[],"class_list":["post-44474","post","type-post","status-publish","format-standard","has-post-thumbnail","hentry","category-seguridad-publica"],"_links":{"self":[{"href":"https:\/\/www.interaccionnoticias.com.mx\/index.php?rest_route=\/wp\/v2\/posts\/44474","targetHints":{"allow":["GET"]}}],"collection":[{"href":"https:\/\/www.interaccionnoticias.com.mx\/index.php?rest_route=\/wp\/v2\/posts"}],"about":[{"href":"https:\/\/www.interaccionnoticias.com.mx\/index.php?rest_route=\/wp\/v2\/types\/post"}],"author":[{"embeddable":true,"href":"https:\/\/www.interaccionnoticias.com.mx\/index.php?rest_route=\/wp\/v2\/users\/8"}],"replies":[{"embeddable":true,"href":"https:\/\/www.interaccionnoticias.com.mx\/index.php?rest_route=%2Fwp%2Fv2%2Fcomments&post=44474"}],"version-history":[{"count":1,"href":"https:\/\/www.interaccionnoticias.com.mx\/index.php?rest_route=\/wp\/v2\/posts\/44474\/revisions"}],"predecessor-version":[{"id":44476,"href":"https:\/\/www.interaccionnoticias.com.mx\/index.php?rest_route=\/wp\/v2\/posts\/44474\/revisions\/44476"}],"wp:featuredmedia":[{"embeddable":true,"href":"https:\/\/www.interaccionnoticias.com.mx\/index.php?rest_route=\/wp\/v2\/media\/44475"}],"wp:attachment":[{"href":"https:\/\/www.interaccionnoticias.com.mx\/index.php?rest_route=%2Fwp%2Fv2%2Fmedia&parent=44474"}],"wp:term":[{"taxonomy":"category","embeddable":true,"href":"https:\/\/www.interaccionnoticias.com.mx\/index.php?rest_route=%2Fwp%2Fv2%2Fcategories&post=44474"},{"taxonomy":"post_tag","embeddable":true,"href":"https:\/\/www.interaccionnoticias.com.mx\/index.php?rest_route=%2Fwp%2Fv2%2Ftags&post=44474"}],"curies":[{"name":"wp","href":"https:\/\/api.w.org\/{rel}","templated":true}]}}