{"id":44471,"date":"2022-04-27T14:56:50","date_gmt":"2022-04-27T19:56:50","guid":{"rendered":"https:\/\/interaccionnoticias.com.mx\/?p=44471"},"modified":"2022-04-27T14:56:55","modified_gmt":"2022-04-27T19:56:55","slug":"denuncian-albazo-legislativo-en-guerrero-para-despenalizar-el-aborto","status":"publish","type":"post","link":"https:\/\/www.interaccionnoticias.com.mx\/?p=44471","title":{"rendered":"Denuncian \u00abalbazo legislativo\u00bb en Guerrero, para despenalizar el aborto"},"content":{"rendered":"\n<p><strong><em>&#8212; Grupos a favor de la familia acusan principalmente a la bancada de Morena<\/em><\/strong><\/p>\n\n\n\n<p><strong>Rogelio Agust\u00edn<\/strong><\/p>\n\n\n\n<p>Integrantes de la Red Guerrerense en Defensa de la Familia se concentraron en las inmediaciones del Congreso local para advertir que los diputados, principalmente la fracci\u00f3n parlamentaria de Morena pretend\u00edan dar un albazo y aprobar la despenalizaci\u00f3n del aborto.<\/p>\n\n\n\n<p>La ma\u00f1ana del mi\u00e9rcoles, un grupo de 20 personas, que manifestaron formar parte de diferentes colectivos que reivindican el derecho a la vida de los no nacidos, llegaron a las instalaciones del Congreso para denunciar que en la sesi\u00f3n de este mi\u00e9rcoles, los diputados de Morena y aliados pretend\u00edan modificar el C\u00f3digo Penal vigente en el estado para despenalizar el aborto.<\/p>\n\n\n\n<p>La medida, de concretarse, se\u00f1alaron que ser\u00eda otra forma de ejercer violencia hacia las mujeres.<\/p>\n\n\n\n<p>M\u00e1s a\u00fan, se\u00f1alaron que si los diputados consuman su pretenci\u00f3n, estar\u00edan vulnerando uno de los principales postulados del presidente de la Rep\u00fablica, Andr\u00e9s Manuel L\u00f3pez Obrador, quien ha se\u00f1alado que todos los asuntos que tengan que ver con la vida p\u00fablica se deben someter a consulta, para que la sociedad tenga la oportunidad de manifestar si se encuentra a favor o en contra.<\/p>\n\n\n\n<p>Colocaron mantas y carteles en los que advierten, que de avanzar en el tema estar\u00e1n propiciando que en las elecciones de 2024, los grupos a favor dela vida se movilicen con la consigna de no dar \u00abni un voto a los pol\u00edticos abortistas\u00bb.<\/p>\n","protected":false},"excerpt":{"rendered":"<p>&#8212; Grupos a favor de la familia acusan principalmente a la bancada de Morena Rogelio Agust\u00edn Integrantes de la Red Guerrerense en Defensa de la Familia se concentraron en las&hellip; <\/p>\n","protected":false},"author":21,"featured_media":44469,"comment_status":"open","ping_status":"open","sticky":false,"template":"","format":"standard","meta":{"fifu_image_url":"","fifu_image_alt":"","footnotes":""},"categories":[2],"tags":[],"class_list":["post-44471","post","type-post","status-publish","format-standard","has-post-thumbnail","hentry","category-congreso"],"_links":{"self":[{"href":"https:\/\/www.interaccionnoticias.com.mx\/index.php?rest_route=\/wp\/v2\/posts\/44471","targetHints":{"allow":["GET"]}}],"collection":[{"href":"https:\/\/www.interaccionnoticias.com.mx\/index.php?rest_route=\/wp\/v2\/posts"}],"about":[{"href":"https:\/\/www.interaccionnoticias.com.mx\/index.php?rest_route=\/wp\/v2\/types\/post"}],"author":[{"embeddable":true,"href":"https:\/\/www.interaccionnoticias.com.mx\/index.php?rest_route=\/wp\/v2\/users\/21"}],"replies":[{"embeddable":true,"href":"https:\/\/www.interaccionnoticias.com.mx\/index.php?rest_route=%2Fwp%2Fv2%2Fcomments&post=44471"}],"version-history":[{"count":1,"href":"https:\/\/www.interaccionnoticias.com.mx\/index.php?rest_route=\/wp\/v2\/posts\/44471\/revisions"}],"predecessor-version":[{"id":44472,"href":"https:\/\/www.interaccionnoticias.com.mx\/index.php?rest_route=\/wp\/v2\/posts\/44471\/revisions\/44472"}],"wp:featuredmedia":[{"embeddable":true,"href":"https:\/\/www.interaccionnoticias.com.mx\/index.php?rest_route=\/wp\/v2\/media\/44469"}],"wp:attachment":[{"href":"https:\/\/www.interaccionnoticias.com.mx\/index.php?rest_route=%2Fwp%2Fv2%2Fmedia&parent=44471"}],"wp:term":[{"taxonomy":"category","embeddable":true,"href":"https:\/\/www.interaccionnoticias.com.mx\/index.php?rest_route=%2Fwp%2Fv2%2Fcategories&post=44471"},{"taxonomy":"post_tag","embeddable":true,"href":"https:\/\/www.interaccionnoticias.com.mx\/index.php?rest_route=%2Fwp%2Fv2%2Ftags&post=44471"}],"curies":[{"name":"wp","href":"https:\/\/api.w.org\/{rel}","templated":true}]}}