{"id":44454,"date":"2022-04-27T14:25:43","date_gmt":"2022-04-27T19:25:43","guid":{"rendered":"https:\/\/interaccionnoticias.com.mx\/?p=44454"},"modified":"2022-04-27T14:25:48","modified_gmt":"2022-04-27T19:25:48","slug":"anuncian-festival-del-dia-del-globo-en-chilpancingo","status":"publish","type":"post","link":"https:\/\/www.interaccionnoticias.com.mx\/?p=44454","title":{"rendered":"Anuncian Festival del D\u00eda del Globo en Chilpancingo"},"content":{"rendered":"\n<p>Chilpancingo, Gro., 27 de abril. El presidente del Patronato de la Feria de San Mateo, Navidad y A\u00f1o Nuevo, Christian Valadez Gonz\u00e1lez, anunci\u00f3 que el pr\u00f3ximo viernes 29 de abril dar\u00e1 inicio el Primer Festival del Globo en Chilpancingo, que concluir\u00e1 el d\u00eda domingo 1 de mayo, con el objetivo de reactivar la econom\u00eda local y fomentar la convivencia social.<\/p>\n\n\n\n<p>En entrevista, Valadez Gonz\u00e1lez, inform\u00f3 que dentro de las actividades que se estar\u00e1n realizando el d\u00eda 29, se llevar\u00e1 a cabo un desfile de dragones a las 20:30 horas, cuyo recorrido finalizar\u00e1 en el recinto ferial, para posteriormente realizar el acto inaugural del festival.<\/p>\n\n\n\n<p>Agreg\u00f3 que el s\u00e1bado 30 de abril el DIF municipal realizar\u00e1 un festejo alusivo al D\u00eda del Ni\u00f1o a las 17:00 horas en las instalaciones de la feria, y a partir de las 20:00 horas se efectuar\u00e1n las elevaciones de globos y \u00abNoches M\u00e1gicas\u00bb, repitiendo esta actividad el primero de mayo.<\/p>\n\n\n\n<p>As\u00ed mismo, en plaza de toros \u00abBelisario Arteaga\u00bb, mediante empresas privadas, se estar\u00e1n presentando shows infantiles como Gomita, Lapizin y Lapizito el d\u00eda 29; una imitaci\u00f3n de Bely y Beto el d\u00eda 30; y una tradicional corrida de toros el primero de mayo, iniciando a las 18:00 horas.<\/p>\n","protected":false},"excerpt":{"rendered":"<p>Chilpancingo, Gro., 27 de abril. El presidente del Patronato de la Feria de San Mateo, Navidad y A\u00f1o Nuevo, Christian Valadez Gonz\u00e1lez, anunci\u00f3 que el pr\u00f3ximo viernes 29 de abril&hellip; <\/p>\n","protected":false},"author":19,"featured_media":44455,"comment_status":"open","ping_status":"open","sticky":false,"template":"","format":"standard","meta":{"fifu_image_url":"","fifu_image_alt":"","footnotes":""},"categories":[13],"tags":[],"class_list":["post-44454","post","type-post","status-publish","format-standard","has-post-thumbnail","hentry","category-capital"],"_links":{"self":[{"href":"https:\/\/www.interaccionnoticias.com.mx\/index.php?rest_route=\/wp\/v2\/posts\/44454","targetHints":{"allow":["GET"]}}],"collection":[{"href":"https:\/\/www.interaccionnoticias.com.mx\/index.php?rest_route=\/wp\/v2\/posts"}],"about":[{"href":"https:\/\/www.interaccionnoticias.com.mx\/index.php?rest_route=\/wp\/v2\/types\/post"}],"author":[{"embeddable":true,"href":"https:\/\/www.interaccionnoticias.com.mx\/index.php?rest_route=\/wp\/v2\/users\/19"}],"replies":[{"embeddable":true,"href":"https:\/\/www.interaccionnoticias.com.mx\/index.php?rest_route=%2Fwp%2Fv2%2Fcomments&post=44454"}],"version-history":[{"count":1,"href":"https:\/\/www.interaccionnoticias.com.mx\/index.php?rest_route=\/wp\/v2\/posts\/44454\/revisions"}],"predecessor-version":[{"id":44456,"href":"https:\/\/www.interaccionnoticias.com.mx\/index.php?rest_route=\/wp\/v2\/posts\/44454\/revisions\/44456"}],"wp:featuredmedia":[{"embeddable":true,"href":"https:\/\/www.interaccionnoticias.com.mx\/index.php?rest_route=\/wp\/v2\/media\/44455"}],"wp:attachment":[{"href":"https:\/\/www.interaccionnoticias.com.mx\/index.php?rest_route=%2Fwp%2Fv2%2Fmedia&parent=44454"}],"wp:term":[{"taxonomy":"category","embeddable":true,"href":"https:\/\/www.interaccionnoticias.com.mx\/index.php?rest_route=%2Fwp%2Fv2%2Fcategories&post=44454"},{"taxonomy":"post_tag","embeddable":true,"href":"https:\/\/www.interaccionnoticias.com.mx\/index.php?rest_route=%2Fwp%2Fv2%2Ftags&post=44454"}],"curies":[{"name":"wp","href":"https:\/\/api.w.org\/{rel}","templated":true}]}}