{"id":44446,"date":"2022-04-27T11:45:32","date_gmt":"2022-04-27T16:45:32","guid":{"rendered":"https:\/\/interaccionnoticias.com.mx\/?p=44446"},"modified":"2022-04-27T11:47:26","modified_gmt":"2022-04-27T16:47:26","slug":"paran-labores-por-tiempo-indefinido-en-fiscalia-de-guerrero","status":"publish","type":"post","link":"https:\/\/www.interaccionnoticias.com.mx\/?p=44446","title":{"rendered":"Paran labores por tiempo indefinido en fiscal\u00eda de Guerrero"},"content":{"rendered":"\n<p><strong><em>&#8212; Exigen destituci\u00f3n de la titular Sandra Luz Valdovinos<br>&#8212; Acusan malos tratos y afectaciones en sus salarios<\/em><\/strong><\/p>\n\n\n\n<p><strong>Javier Trujillo<\/strong><\/p>\n\n\n\n<p>Acapulco, Gro.- Trabajadores de las \u00e1reas administrativas, agentes ministeriales y del Ministerio P\u00fablico, pararon labores por tiempo indefinido en Acapulco y las dos costas de Guerrero, y exigen la destituci\u00f3n de la fiscal Sandra Luz Valdovinos.<\/p>\n\n\n\n<p>\u00abSer\u00e1 el tiempo que sea necesario hasta que se nos garantice nuestra estabilidad laboral. Es un paro indefinido en todo el estado.<br>\u00abA nadie se le ha permitido el acceso y hasta en tanto no se nos informe a trav\u00e9s de un comunicado por parte de nuestra secretaria general Adela Hern\u00e1ndez Angelito\u00bb, dijo Cuauht\u00e9moc Gardu\u00f1o.<\/p>\n\n\n\n<p>Los manifestantes cerraron los accesos a la fiscal\u00eda regional de Acapulco, comandancias y agencias del Ministerio P\u00fablico desde las 08:20 horas en qu\u00e9 se impidi\u00f3 el paso a todos los empleados.<\/p>\n\n\n\n<p>\u00abSe pretende mejoras en el trato a los compa\u00f1eros y mejoras en sus percepciones ya que est\u00e1 en riesgo el bono de riesgo de que lo quiten. Es para trabajadores administrativos y de campo como los agentes ministeriales.<\/p>\n\n\n\n<p>\u00abLa protesta es por las anomal\u00edas por la violaci\u00f3n de los derechos laborales, sindicales y respeto a la organizaci\u00f3n sindical porque hemos sido ninguneados por la fiscal\u00eda\u00bb, se quej\u00f3 Quint\u00edn Miranda Valencia, secretario general de la secci\u00f3n XXI del Suspeg.<\/p>\n\n\n\n<p>Entre los trabajadores se han registrado conatos verbales pues algunos quieren ingresar a sus \u00e1reas de trabajo y el grupo de inconformes se los impide.<\/p>\n","protected":false},"excerpt":{"rendered":"<p>&#8212; Exigen destituci\u00f3n de la titular Sandra Luz Valdovinos&#8212; Acusan malos tratos y afectaciones en sus salarios Javier Trujillo Acapulco, Gro.- Trabajadores de las \u00e1reas administrativas, agentes ministeriales y del&hellip; <\/p>\n","protected":false},"author":3,"featured_media":44447,"comment_status":"open","ping_status":"open","sticky":false,"template":"","format":"standard","meta":{"fifu_image_url":"","fifu_image_alt":"","footnotes":""},"categories":[15],"tags":[],"class_list":["post-44446","post","type-post","status-publish","format-standard","has-post-thumbnail","hentry","category-movimientos-sociales"],"_links":{"self":[{"href":"https:\/\/www.interaccionnoticias.com.mx\/index.php?rest_route=\/wp\/v2\/posts\/44446","targetHints":{"allow":["GET"]}}],"collection":[{"href":"https:\/\/www.interaccionnoticias.com.mx\/index.php?rest_route=\/wp\/v2\/posts"}],"about":[{"href":"https:\/\/www.interaccionnoticias.com.mx\/index.php?rest_route=\/wp\/v2\/types\/post"}],"author":[{"embeddable":true,"href":"https:\/\/www.interaccionnoticias.com.mx\/index.php?rest_route=\/wp\/v2\/users\/3"}],"replies":[{"embeddable":true,"href":"https:\/\/www.interaccionnoticias.com.mx\/index.php?rest_route=%2Fwp%2Fv2%2Fcomments&post=44446"}],"version-history":[{"count":2,"href":"https:\/\/www.interaccionnoticias.com.mx\/index.php?rest_route=\/wp\/v2\/posts\/44446\/revisions"}],"predecessor-version":[{"id":44449,"href":"https:\/\/www.interaccionnoticias.com.mx\/index.php?rest_route=\/wp\/v2\/posts\/44446\/revisions\/44449"}],"wp:featuredmedia":[{"embeddable":true,"href":"https:\/\/www.interaccionnoticias.com.mx\/index.php?rest_route=\/wp\/v2\/media\/44447"}],"wp:attachment":[{"href":"https:\/\/www.interaccionnoticias.com.mx\/index.php?rest_route=%2Fwp%2Fv2%2Fmedia&parent=44446"}],"wp:term":[{"taxonomy":"category","embeddable":true,"href":"https:\/\/www.interaccionnoticias.com.mx\/index.php?rest_route=%2Fwp%2Fv2%2Fcategories&post=44446"},{"taxonomy":"post_tag","embeddable":true,"href":"https:\/\/www.interaccionnoticias.com.mx\/index.php?rest_route=%2Fwp%2Fv2%2Ftags&post=44446"}],"curies":[{"name":"wp","href":"https:\/\/api.w.org\/{rel}","templated":true}]}}