{"id":4444,"date":"2017-05-17T22:18:02","date_gmt":"2017-05-18T03:18:02","guid":{"rendered":"http:\/\/www.inter-accion.com.mx\/?p=4444"},"modified":"2017-05-17T22:18:02","modified_gmt":"2017-05-18T03:18:02","slug":"juicio-politico-al-alcalde-de-zihuatanejo-por-tolerar-la-infiltracion-de-su-policia-anorve","status":"publish","type":"post","link":"https:\/\/www.interaccionnoticias.com.mx\/?p=4444","title":{"rendered":"Juicio Pol\u00edtico al alcalde de Zihuatanejo, por tolerar la infiltraci\u00f3n de su polic\u00eda: A\u00f1orve"},"content":{"rendered":"<p>&nbsp;<br \/>\n<span style=\"font-weight: 400;\">*La infiltraci\u00f3n no es ajena para los alcaldes, se\u00f1ala la presidenta del Congreso<\/span><br \/>\n<b><\/b><span style=\"font-weight: 400;\">Para la presidenta de la Junta de Coordinaci\u00f3n Pol\u00edtica del Congreso local, Flor A\u00f1orve Ocampo, el alcalde de Zihuatanejo, Gustavo Garc\u00eda Bello podr\u00eda ser objeto de un Juicio Pol\u00edtico, no solo por permitir que hubiera m\u00e1s de 60 polic\u00edas preventivos relacionados con el crimen organizado, tambi\u00e9n por ofrecer que los defender\u00e1 jur\u00eddicamente.<\/span><br \/>\n<span style=\"font-weight: 400;\">A\u00f1orve Ocampo consider\u00f3 lamentable lo sucedido en el inicio de la semana en Zihuatanejo, ya que confirma lo que se ha manejado en diferentes momentos, en el sentido de que los gobiernos municipales no est\u00e1n asumiendo su responsabilidad en el tema de la inseguridad, ya que dejan todo en manos del gobierno del estado y la federaci\u00f3n.<\/span><br \/>\n<span style=\"font-weight: 400;\">Una vez que los ayuntamientos no asumen directamente el compromiso de combatir a la delincuencia, dijo que por lo menos deber\u00edan tener el h\u00e1bito de hacer revisiones peri\u00f3dicas a la plantilla que integran las polic\u00edas a su cargo, pues no hay manera de que se tenga una corporaci\u00f3n polic\u00edaca contaminada y no est\u00e9n enterados.<\/span><br \/>\n<span style=\"font-weight: 400;\">Lo m\u00e1s grave, dijo que es el hecho de que el alcalde Garc\u00eda Bello haya anunciado que defender\u00e1 jur\u00eddicamente a los elementos que fueron desarmados.<\/span><br \/>\n<span style=\"font-weight: 400;\">\u201cEso amerita el cese de los presidentes municipales, que se les haga juicio pol\u00edtico aqu\u00ed (en el Congreso) o que haya alguna otra situaci\u00f3n\u201d.<\/span><br \/>\n<span style=\"font-weight: 400;\">Aclar\u00f3 que no ha recibido ninguna petici\u00f3n de juicio pol\u00edtico, tambi\u00e9n aclar\u00f3 que no lo va a propiciar, pero si destac\u00f3 que eso es algo posible si los presidentes municipales act\u00faan con omisi\u00f3n ante problemas como el de la infiltraci\u00f3n de su polic\u00eda preventiva.<\/span><br \/>\n<span style=\"font-weight: 400;\">Indic\u00f3 que al ser los alcaldes los directamente responsables del desempe\u00f1o de sus polic\u00edas, cualquier situaci\u00f3n que se presente, ellos deben asumir esa situaci\u00f3n.<\/span><br \/>\n<span style=\"font-weight: 400;\">Consider\u00f3 necesario ir a fondo en el asunto, adem\u00e1s de revisar que otros casos similares hay, para que se acelere el trabajo de depuraci\u00f3n.<\/span><br \/>\n<span style=\"font-weight: 400;\">Para la diputada A\u00f1orve, si en 2014 se hubiera realizado una situaci\u00f3n similar en Iguala de la Independencia, probablemente no se hubiera presentado la tragedia del 26 de septiembre, cuando fueron asesinadas seis personas y desaparecieran 43 estudiantes de la Normal Rural de Ayotzinapa.<\/span><br \/>\n<span style=\"font-weight: 400;\">Indic\u00f3 que si la sociedad sabe de la contaminaci\u00f3n de una corporaci\u00f3n polic\u00edaca, un presidente no queda exento de responsabilidad, raz\u00f3n por la que sus omisiones deban investigarse y sancionarse si hay elementos para ello.<\/span><br \/>\n&nbsp;<\/p>\n","protected":false},"excerpt":{"rendered":"<p>&nbsp; *La infiltraci\u00f3n no es ajena para los alcaldes, se\u00f1ala la presidenta del Congreso Para la presidenta de la Junta de Coordinaci\u00f3n Pol\u00edtica del Congreso local, Flor A\u00f1orve Ocampo, el&hellip; <\/p>\n","protected":false},"author":1,"featured_media":0,"comment_status":"open","ping_status":"open","sticky":false,"template":"","format":"standard","meta":{"fifu_image_url":"","fifu_image_alt":"","footnotes":""},"categories":[2,8],"tags":[],"class_list":["post-4444","post","type-post","status-publish","format-standard","hentry","category-congreso","category-featured"],"_links":{"self":[{"href":"https:\/\/www.interaccionnoticias.com.mx\/index.php?rest_route=\/wp\/v2\/posts\/4444","targetHints":{"allow":["GET"]}}],"collection":[{"href":"https:\/\/www.interaccionnoticias.com.mx\/index.php?rest_route=\/wp\/v2\/posts"}],"about":[{"href":"https:\/\/www.interaccionnoticias.com.mx\/index.php?rest_route=\/wp\/v2\/types\/post"}],"author":[{"embeddable":true,"href":"https:\/\/www.interaccionnoticias.com.mx\/index.php?rest_route=\/wp\/v2\/users\/1"}],"replies":[{"embeddable":true,"href":"https:\/\/www.interaccionnoticias.com.mx\/index.php?rest_route=%2Fwp%2Fv2%2Fcomments&post=4444"}],"version-history":[{"count":0,"href":"https:\/\/www.interaccionnoticias.com.mx\/index.php?rest_route=\/wp\/v2\/posts\/4444\/revisions"}],"wp:attachment":[{"href":"https:\/\/www.interaccionnoticias.com.mx\/index.php?rest_route=%2Fwp%2Fv2%2Fmedia&parent=4444"}],"wp:term":[{"taxonomy":"category","embeddable":true,"href":"https:\/\/www.interaccionnoticias.com.mx\/index.php?rest_route=%2Fwp%2Fv2%2Fcategories&post=4444"},{"taxonomy":"post_tag","embeddable":true,"href":"https:\/\/www.interaccionnoticias.com.mx\/index.php?rest_route=%2Fwp%2Fv2%2Ftags&post=4444"}],"curies":[{"name":"wp","href":"https:\/\/api.w.org\/{rel}","templated":true}]}}