{"id":4435,"date":"2017-05-17T20:18:33","date_gmt":"2017-05-18T01:18:33","guid":{"rendered":"http:\/\/www.inter-accion.com.mx\/?p=4435"},"modified":"2017-05-17T20:18:33","modified_gmt":"2017-05-18T01:18:33","slug":"canaco-denuncia-el-secuestro-de-una-de-sus-afiliadas","status":"publish","type":"post","link":"https:\/\/www.interaccionnoticias.com.mx\/?p=4435","title":{"rendered":"CANACO denuncia el secuestro de una de sus afiliadas"},"content":{"rendered":"<p><span style=\"font-weight: 400;\">&nbsp;<\/span><br \/>\n<span style=\"font-weight: 400;\">Este mi\u00e9rcoles, al concluir la firma de un convenio entre la Confederaci\u00f3n Patronal de la Rep\u00fablica Mexicana (COPARMEX) y el Instituto Guerrerense del Emprendedor (INGE), Ortega Corona resalt\u00f3 que es alarmante el incremento de extorsiones mediante llamadas telef\u00f3nicas. <\/span><br \/>\n<span style=\"font-weight: 400;\">El dirigente empresarial, solo se limit\u00f3 a decir que la empresaria en compa\u00f1\u00eda de su hijo, fue secuestrada la ma\u00f1ana del 16 de mayo y que muy probablemente ya hab\u00eda comunicaci\u00f3n entre la familia y los captores. <\/span><br \/>\n<span style=\"font-weight: 400;\">Ante esa situaci\u00f3n, anunci\u00f3 que necesario que la Fiscal\u00eda General del Estado, agilice los tr\u00e1mites para la creaci\u00f3n de la Fiscal\u00eda Especializada para el Sector Econ\u00f3mico, ante el constante hostigamiento a empresarios. <\/span><br \/>\n<span style=\"font-weight: 400;\">Recalc\u00f3 que un empresario afiliado a la CANACO no ha podido reabrir su negocio por inconsistencias relacionadas a asuntos administrativos de personal del Ministerio P\u00fablico, luego de que en el establecimiento ubicado en el Mercado Baltazar R. Leyva Mancilla, se registrara el asesinato de cantante. <\/span><br \/>\n<span style=\"font-weight: 400;\">\u201cEs la hora que no ha podido el Ministerio P\u00fablico liberar el negocio, porque le est\u00e1n pidiendo que acredite la propiedad con escrituras, otros compa\u00f1eros dicen que del Ministerio P\u00fablico les piden las escrituras y es absurdo\u2026 no confiamos en ellos\u201d, precis\u00f3 Ortega Corona. <\/span><br \/>\n<span style=\"font-weight: 400;\">En marzo, el asesinato del ex dirigente de la C\u00e1mara Nacional de la Industria de la Transformaci\u00f3n (CANACINTRA) Carlos Cruz Islas, conmocion\u00f3 al sector comercial, luego de haber sido secuestrado por sujetos desconocidos y despu\u00e9s encontrado su cad\u00e1ver en un paraje al norte de Zumpango.<\/span><br \/>\n<span style=\"font-weight: 400;\">Tanto como la CANACO y la COPARMEX, han criticado p\u00fablicamente al gobierno municipal que encabeza Marco Antonio Leyva Mena, y por el contrario, se han manifestado a favor del gobierno estatal de H\u00e9ctor Astudillo Flores.<\/span><br \/>\n&nbsp;<\/p>\n","protected":false},"excerpt":{"rendered":"<p>&nbsp; Este mi\u00e9rcoles, al concluir la firma de un convenio entre la Confederaci\u00f3n Patronal de la Rep\u00fablica Mexicana (COPARMEX) y el Instituto Guerrerense del Emprendedor (INGE), Ortega Corona resalt\u00f3 que&hellip; <\/p>\n","protected":false},"author":1,"featured_media":0,"comment_status":"open","ping_status":"open","sticky":false,"template":"","format":"standard","meta":{"fifu_image_url":"","fifu_image_alt":"","footnotes":""},"categories":[13,8],"tags":[],"class_list":["post-4435","post","type-post","status-publish","format-standard","hentry","category-capital","category-featured"],"_links":{"self":[{"href":"https:\/\/www.interaccionnoticias.com.mx\/index.php?rest_route=\/wp\/v2\/posts\/4435","targetHints":{"allow":["GET"]}}],"collection":[{"href":"https:\/\/www.interaccionnoticias.com.mx\/index.php?rest_route=\/wp\/v2\/posts"}],"about":[{"href":"https:\/\/www.interaccionnoticias.com.mx\/index.php?rest_route=\/wp\/v2\/types\/post"}],"author":[{"embeddable":true,"href":"https:\/\/www.interaccionnoticias.com.mx\/index.php?rest_route=\/wp\/v2\/users\/1"}],"replies":[{"embeddable":true,"href":"https:\/\/www.interaccionnoticias.com.mx\/index.php?rest_route=%2Fwp%2Fv2%2Fcomments&post=4435"}],"version-history":[{"count":0,"href":"https:\/\/www.interaccionnoticias.com.mx\/index.php?rest_route=\/wp\/v2\/posts\/4435\/revisions"}],"wp:attachment":[{"href":"https:\/\/www.interaccionnoticias.com.mx\/index.php?rest_route=%2Fwp%2Fv2%2Fmedia&parent=4435"}],"wp:term":[{"taxonomy":"category","embeddable":true,"href":"https:\/\/www.interaccionnoticias.com.mx\/index.php?rest_route=%2Fwp%2Fv2%2Fcategories&post=4435"},{"taxonomy":"post_tag","embeddable":true,"href":"https:\/\/www.interaccionnoticias.com.mx\/index.php?rest_route=%2Fwp%2Fv2%2Ftags&post=4435"}],"curies":[{"name":"wp","href":"https:\/\/api.w.org\/{rel}","templated":true}]}}