{"id":44241,"date":"2022-04-21T18:03:17","date_gmt":"2022-04-21T23:03:17","guid":{"rendered":"https:\/\/interaccionnoticias.com.mx\/?p=44241"},"modified":"2022-04-21T18:03:21","modified_gmt":"2022-04-21T23:03:21","slug":"chilpancingo-sera-sede-del-primer-torneo-nacional-juvenil-de-futbol-copa-also-2022","status":"publish","type":"post","link":"https:\/\/www.interaccionnoticias.com.mx\/?p=44241","title":{"rendered":"Chilpancingo ser\u00e1 sede del primer torneo nacional juvenil de futbol &#8216;Copa Also 2022&#8217;"},"content":{"rendered":"\n<p>&#8211; Se contar\u00e1 con la presencia de visores de 5 equipos de primera divisi\u00f3ny<\/p>\n\n\n\n<p><br><strong>Dassaev T\u00e9llez Adame<\/strong><\/p>\n\n\n\n<p>Chilpancingo, 21 de abril. &#8211; Para el mes de mayo, Chilpancingo ser\u00e1 la sede para el primer torneo nacional juvenil de f\u00fatbol \u2018Copa Also 2022\u2019, que contar\u00e1 con un espacio limitado para 8 equipos en las categor\u00edas Sub-14, Sub-16 y Sub-18, donde ser\u00e1n vistos por visores de 5 equipos de primera divisi\u00f3n.<\/p>\n\n\n\n<p>Parte de los organizadores, anunciaron que en esta primera edici\u00f3n se contar\u00e1 con la presencia de equipos de Chilpancingo, Acapulco y Costa Grande, de los cuales ya hay 4 registrados en las 3 categor\u00edas, adem\u00e1s de equipos provenientes de al menos 3 estados de la Rep\u00fablica Mexicana.<\/p>\n\n\n\n<p>La sede de este primer torneo, ser\u00e1 el Polideportivo de Chilpancingo, donde los j\u00f3venes disputar\u00e1n encuentros para coronarse campeones de este primer torneo, que se llevar\u00e1 a cabo del 6 al 8 de mayo.<\/p>\n\n\n\n<p>En conferencia de prensa, informaron que para el pr\u00f3ximo a\u00f1o, esperando que m\u00e1s personas se sumen a este proyecto, buscar\u00e1n que la modalidad de este torneo tambi\u00e9n sea femenil.<\/p>\n\n\n\n<p>Explicaron que para esta primera edici\u00f3n, se contar\u00e1 con el apoyo de \u00e1rbitros del Centro de Formaci\u00f3n Arbitral \u2018Jes\u00fas Memije Ram\u00edrez\u2019 y se tiene pensado premiar a los dos primeros lugares de cada categor\u00eda, con trofeo y medallas.<\/p>\n\n\n\n<p>Adem\u00e1s, para hacer m\u00e1s vistoso el torneo, se contar\u00e1 con la presencia de visores deportivos de los clubes de primera divisi\u00f3n, como lo son Tigres, Am\u00e9rica, Monterrey, Cruz Azul y Ju\u00e1rez.<\/p>\n\n\n\n<p>Por lo que hicieron la invitaci\u00f3n a todos los equipos que entren dentro de estas categor\u00edas, a sumarse al proyecto y hacer crecer este torneo, por lo que, ofrecieron tres tel\u00e9fonos de atenci\u00f3n para la inscripci\u00f3n de los equipos, siendo estos 747 108 4356, 747 129 3105 y 753 103 1152.<\/p>\n\n\n\n<p>Indicaron que esta idea surgi\u00f3 luego de los grandes resultados que los estudiantes de la Escuela de Futbol \u2018Avispones\u2019 ha obtenido en distintas partes del estado, por esto se dise\u00f1\u00f3 este primer torneo, adem\u00e1s de que en los \u00faltimos a\u00f1os la escuadra y las fuerzas b\u00e1sicas de este equipo de tercera divisi\u00f3n ha comenzado a exportar jugadores a filiales de equipos de primera divisi\u00f3n.<\/p>\n\n\n\n<p>Por esto tambi\u00e9n se opt\u00f3 por invitar a diversos clubes para hacer visorias en este torneo.<\/p>\n","protected":false},"excerpt":{"rendered":"<p>&#8211; Se contar\u00e1 con la presencia de visores de 5 equipos de primera divisi\u00f3ny Dassaev T\u00e9llez Adame Chilpancingo, 21 de abril. &#8211; Para el mes de mayo, Chilpancingo ser\u00e1 la&hellip; <\/p>\n","protected":false},"author":9,"featured_media":44233,"comment_status":"open","ping_status":"open","sticky":false,"template":"","format":"standard","meta":{"fifu_image_url":"","fifu_image_alt":"","footnotes":""},"categories":[29],"tags":[],"class_list":["post-44241","post","type-post","status-publish","format-standard","has-post-thumbnail","hentry","category-sociedad"],"_links":{"self":[{"href":"https:\/\/www.interaccionnoticias.com.mx\/index.php?rest_route=\/wp\/v2\/posts\/44241","targetHints":{"allow":["GET"]}}],"collection":[{"href":"https:\/\/www.interaccionnoticias.com.mx\/index.php?rest_route=\/wp\/v2\/posts"}],"about":[{"href":"https:\/\/www.interaccionnoticias.com.mx\/index.php?rest_route=\/wp\/v2\/types\/post"}],"author":[{"embeddable":true,"href":"https:\/\/www.interaccionnoticias.com.mx\/index.php?rest_route=\/wp\/v2\/users\/9"}],"replies":[{"embeddable":true,"href":"https:\/\/www.interaccionnoticias.com.mx\/index.php?rest_route=%2Fwp%2Fv2%2Fcomments&post=44241"}],"version-history":[{"count":1,"href":"https:\/\/www.interaccionnoticias.com.mx\/index.php?rest_route=\/wp\/v2\/posts\/44241\/revisions"}],"predecessor-version":[{"id":44242,"href":"https:\/\/www.interaccionnoticias.com.mx\/index.php?rest_route=\/wp\/v2\/posts\/44241\/revisions\/44242"}],"wp:featuredmedia":[{"embeddable":true,"href":"https:\/\/www.interaccionnoticias.com.mx\/index.php?rest_route=\/wp\/v2\/media\/44233"}],"wp:attachment":[{"href":"https:\/\/www.interaccionnoticias.com.mx\/index.php?rest_route=%2Fwp%2Fv2%2Fmedia&parent=44241"}],"wp:term":[{"taxonomy":"category","embeddable":true,"href":"https:\/\/www.interaccionnoticias.com.mx\/index.php?rest_route=%2Fwp%2Fv2%2Fcategories&post=44241"},{"taxonomy":"post_tag","embeddable":true,"href":"https:\/\/www.interaccionnoticias.com.mx\/index.php?rest_route=%2Fwp%2Fv2%2Ftags&post=44241"}],"curies":[{"name":"wp","href":"https:\/\/api.w.org\/{rel}","templated":true}]}}