{"id":44129,"date":"2022-04-19T13:38:47","date_gmt":"2022-04-19T18:38:47","guid":{"rendered":"https:\/\/interaccionnoticias.com.mx\/?p=44129"},"modified":"2022-04-19T13:38:52","modified_gmt":"2022-04-19T18:38:52","slug":"destruyen-mas-de-250-armas-decomisadas-por-el-ejercito","status":"publish","type":"post","link":"https:\/\/www.interaccionnoticias.com.mx\/?p=44129","title":{"rendered":"Destruyen m\u00e1s de 250 armas decomisadas por el Ej\u00e9rcito"},"content":{"rendered":"\n<p><strong><em>&#8212; Relacionadas con diferentes actos delictivos<\/em><\/strong><\/p>\n\n\n\n<p><strong>Jes\u00fas Dorantes<\/strong><\/p>\n\n\n\n<p><strong>Chilpancingo , Gro .- <\/strong>La Secretar\u00eda de la Defensa Nacional (SEDENA) realiz\u00f3 la destrucci\u00f3n de 251 armas de fuego involucradas en incidentes delictivos, con la finalidad de evitar quebsean cometidos m\u00e1s delitos con ellas.<\/p>\n\n\n\n<p>La ma\u00f1ana del martes, en el interior de 35\/a Zona Militar y con la presencia de la gobernadora, Evelyn Salgado Pineda; la fiscal guerrerense, Sandra Luz Valdovinos Salmer\u00f3n, el secretario de Seguridad P\u00fablica, Evelio M\u00e9ndez G\u00f3mez y el secretario de gobierno, Ludwig Marcial Reynoso N\u00fa\u00f1ez fueron presentadas las armas donadas y decomisadas por los diferentes \u00f3rdenes gobierno.<\/p>\n\n\n\n<p>En su intervenci\u00f3n, el comandante de las IX Regi\u00f3n Militar, Celestino \u00c1vila Astudillo, inform\u00f3 que serian destruidas un total de 99 armas cortas; 153 largas , 211 cargadores , 13 cascos , 5 mil 354 cartuchos y un chaleco.<\/p>\n\n\n\n<p>En su intervenci\u00f3n, la titular del poder Ejecutivo local, destac\u00f3 que \u201cCada arma decomisada es un paso m\u00e1s para la pacificaci\u00f3n del estado se Guerrero\u201d , ya que el armamento que se destruy\u00f3 nunca debi\u00f3 llegar a la calle ni a manos de grupos del crimen organizado, que atenta contra la paz y la seguridad de las familias guerrerenses.<\/p>\n\n\n\n<p>Adem\u00e1s, destac\u00f3 que la pacificaci\u00f3n del estado no podr\u00e1 lograrse de manera r\u00e1pido, por el contrario ser\u00e1 un proceso gradual que debe generar un cambio desde la ra\u00edz y atacar las causas que generan la violencia con el trabajo en conjunto de los tres \u00f3rdenes de gobierno.<\/p>\n","protected":false},"excerpt":{"rendered":"<p>&#8212; Relacionadas con diferentes actos delictivos Jes\u00fas Dorantes Chilpancingo , Gro .- La Secretar\u00eda de la Defensa Nacional (SEDENA) realiz\u00f3 la destrucci\u00f3n de 251 armas de fuego involucradas en incidentes&hellip; <\/p>\n","protected":false},"author":8,"featured_media":44130,"comment_status":"open","ping_status":"open","sticky":false,"template":"","format":"standard","meta":{"fifu_image_url":"","fifu_image_alt":"","footnotes":""},"categories":[27],"tags":[],"class_list":["post-44129","post","type-post","status-publish","format-standard","has-post-thumbnail","hentry","category-seguridad-publica"],"_links":{"self":[{"href":"https:\/\/www.interaccionnoticias.com.mx\/index.php?rest_route=\/wp\/v2\/posts\/44129","targetHints":{"allow":["GET"]}}],"collection":[{"href":"https:\/\/www.interaccionnoticias.com.mx\/index.php?rest_route=\/wp\/v2\/posts"}],"about":[{"href":"https:\/\/www.interaccionnoticias.com.mx\/index.php?rest_route=\/wp\/v2\/types\/post"}],"author":[{"embeddable":true,"href":"https:\/\/www.interaccionnoticias.com.mx\/index.php?rest_route=\/wp\/v2\/users\/8"}],"replies":[{"embeddable":true,"href":"https:\/\/www.interaccionnoticias.com.mx\/index.php?rest_route=%2Fwp%2Fv2%2Fcomments&post=44129"}],"version-history":[{"count":1,"href":"https:\/\/www.interaccionnoticias.com.mx\/index.php?rest_route=\/wp\/v2\/posts\/44129\/revisions"}],"predecessor-version":[{"id":44131,"href":"https:\/\/www.interaccionnoticias.com.mx\/index.php?rest_route=\/wp\/v2\/posts\/44129\/revisions\/44131"}],"wp:featuredmedia":[{"embeddable":true,"href":"https:\/\/www.interaccionnoticias.com.mx\/index.php?rest_route=\/wp\/v2\/media\/44130"}],"wp:attachment":[{"href":"https:\/\/www.interaccionnoticias.com.mx\/index.php?rest_route=%2Fwp%2Fv2%2Fmedia&parent=44129"}],"wp:term":[{"taxonomy":"category","embeddable":true,"href":"https:\/\/www.interaccionnoticias.com.mx\/index.php?rest_route=%2Fwp%2Fv2%2Fcategories&post=44129"},{"taxonomy":"post_tag","embeddable":true,"href":"https:\/\/www.interaccionnoticias.com.mx\/index.php?rest_route=%2Fwp%2Fv2%2Ftags&post=44129"}],"curies":[{"name":"wp","href":"https:\/\/api.w.org\/{rel}","templated":true}]}}