{"id":44059,"date":"2022-04-18T13:00:12","date_gmt":"2022-04-18T18:00:12","guid":{"rendered":"https:\/\/interaccionnoticias.com.mx\/?p=44059"},"modified":"2022-04-18T13:00:16","modified_gmt":"2022-04-18T18:00:16","slug":"denuncian-penalmente-a-diputado-federal-del-pt-por-amenazas-de-muerte","status":"publish","type":"post","link":"https:\/\/www.interaccionnoticias.com.mx\/?p=44059","title":{"rendered":"Denuncian penalmente a diputado federal del PT, por amenazas de muerte"},"content":{"rendered":"\n<p><strong>Jes\u00fas Dorantes<\/strong><\/p>\n\n\n\n<p><strong>Chilpancingo , Gro .-<\/strong> El director del peri\u00f3dico \u201cEl Chichicastle\u201d Bonifacio Tejacal Contecon realiz\u00f3 una denuncia ante la Fiscal\u00eda General de la Rep\u00fablica (FGR) contra el diputado federal Victoriano Wences Real , por amenazas de muerte tras la publicaci\u00f3n de notas period\u00edsticas en su contra.<\/p>\n\n\n\n<p>La ma\u00f1ana del lunes un grupo de al menos 10 personas provenientes del municipio de Tlapa de Comonfort de la regi\u00f3n Monta\u00f1a arribaron a las instalaciones de la FGR en Chilpancingo,&nbsp;&nbsp;con pancartas en mano se instalaron en la entrada principal.<\/p>\n\n\n\n<p>En rueda de prensa Bonifacio Tejacal acus\u00f3 al legislador del Partido del Trabajo (PT) de atentar contra la libertad de expresi\u00f3n , adem\u00e1s de responsabilizarse de lo que pudiera ocurrir a \u00e9l y su familia.<\/p>\n\n\n\n<p>El titular del peri\u00f3dico el Chichicastle asegur\u00f3 que en d\u00edas pasados dos sujetos que presuntamente fueron enviados por Victoriano Wences , llegaron hasta su domicilio y advirtieron que le quitar\u00edan la vida si no dejaba de realizar publicaciones en contra del legislador federal.<\/p>\n\n\n\n<p>Adem\u00e1s de que hizo un llamado al Congreso de la Uni\u00f3n para que le sea retirado el fuero federal y responda ante la ley por sus acciones.<\/p>\n","protected":false},"excerpt":{"rendered":"<p>Jes\u00fas Dorantes Chilpancingo , Gro .- El director del peri\u00f3dico \u201cEl Chichicastle\u201d Bonifacio Tejacal Contecon realiz\u00f3 una denuncia ante la Fiscal\u00eda General de la Rep\u00fablica (FGR) contra el diputado federal&hellip; <\/p>\n","protected":false},"author":8,"featured_media":44060,"comment_status":"open","ping_status":"open","sticky":false,"template":"","format":"standard","meta":{"fifu_image_url":"","fifu_image_alt":"","footnotes":""},"categories":[29],"tags":[],"class_list":["post-44059","post","type-post","status-publish","format-standard","has-post-thumbnail","hentry","category-sociedad"],"_links":{"self":[{"href":"https:\/\/www.interaccionnoticias.com.mx\/index.php?rest_route=\/wp\/v2\/posts\/44059","targetHints":{"allow":["GET"]}}],"collection":[{"href":"https:\/\/www.interaccionnoticias.com.mx\/index.php?rest_route=\/wp\/v2\/posts"}],"about":[{"href":"https:\/\/www.interaccionnoticias.com.mx\/index.php?rest_route=\/wp\/v2\/types\/post"}],"author":[{"embeddable":true,"href":"https:\/\/www.interaccionnoticias.com.mx\/index.php?rest_route=\/wp\/v2\/users\/8"}],"replies":[{"embeddable":true,"href":"https:\/\/www.interaccionnoticias.com.mx\/index.php?rest_route=%2Fwp%2Fv2%2Fcomments&post=44059"}],"version-history":[{"count":1,"href":"https:\/\/www.interaccionnoticias.com.mx\/index.php?rest_route=\/wp\/v2\/posts\/44059\/revisions"}],"predecessor-version":[{"id":44061,"href":"https:\/\/www.interaccionnoticias.com.mx\/index.php?rest_route=\/wp\/v2\/posts\/44059\/revisions\/44061"}],"wp:featuredmedia":[{"embeddable":true,"href":"https:\/\/www.interaccionnoticias.com.mx\/index.php?rest_route=\/wp\/v2\/media\/44060"}],"wp:attachment":[{"href":"https:\/\/www.interaccionnoticias.com.mx\/index.php?rest_route=%2Fwp%2Fv2%2Fmedia&parent=44059"}],"wp:term":[{"taxonomy":"category","embeddable":true,"href":"https:\/\/www.interaccionnoticias.com.mx\/index.php?rest_route=%2Fwp%2Fv2%2Fcategories&post=44059"},{"taxonomy":"post_tag","embeddable":true,"href":"https:\/\/www.interaccionnoticias.com.mx\/index.php?rest_route=%2Fwp%2Fv2%2Ftags&post=44059"}],"curies":[{"name":"wp","href":"https:\/\/api.w.org\/{rel}","templated":true}]}}