{"id":44038,"date":"2022-04-17T20:26:03","date_gmt":"2022-04-18T01:26:03","guid":{"rendered":"https:\/\/interaccionnoticias.com.mx\/?p=44038"},"modified":"2022-04-17T20:26:08","modified_gmt":"2022-04-18T01:26:08","slug":"diputados-del-prd-exigen-que-se-investigue-la-alteracion-a-la-ley-estatal-de-seguridad-publica","status":"publish","type":"post","link":"https:\/\/www.interaccionnoticias.com.mx\/?p=44038","title":{"rendered":"Diputados del PRD exigen que se investigue la alteraci\u00f3n a la Ley Estatal de Seguridad P\u00fablica"},"content":{"rendered":"\n<p><strong><em>&#8212; La modificaci\u00f3n al art\u00edculo segundo de los Transitorios, representa un peligroso antecedente que no se debe permitir<br>&#8212; Exigen al presidente de la Jucopo, Alfredo S\u00e1nchez Esquivel y la presidenta de la Mesa Directiva, Flor A\u00f1orve Ocampo para que expliquen en qu\u00e9 parte del proceso se realiz\u00f3 la alteraci\u00f3n<\/em><\/strong><\/p>\n\n\n\n<p><strong>Rogelio Agust\u00edn<\/strong><\/p>\n\n\n\n<p><strong>Chilpancingo, Guerrero, 17 de abril de 2022.-<\/strong> La fracci\u00f3n parlamentaria del PRD en el Congreso local manifest\u00f3 su rechazo a la alteraci\u00f3n del dictamen por medio del cual se aprob\u00f3 la Ley N\u00famero 179, del Sistema de Seguridad P\u00fablica del Estado Libre y Soberano de Guerrero, por lo que exigieron una explicaci\u00f3n de lo sucedido.<\/p>\n\n\n\n<p>La bancada del sol azteca, liderada por Raymundo Garc\u00eda Guti\u00e9rrez, consider\u00f3 que el presidente de la Junta de Coordinaci\u00f3n Pol\u00edtica (Jucopo), Alfredo S\u00e1nchez Esquivel y la presidenta de la Mesa Directiva, Flor A\u00f1orve Ocampo deben explicar en qu\u00e9 momento se gener\u00f3 la alteraci\u00f3n del dictamen aprobado.<\/p>\n\n\n\n<p>Los legisladores del sol azteca se\u00f1alaron que se necesita conocer en qu\u00e9 fase de la cadena de custodia de la Ley 179 se registraron los cambios, particularmente qui\u00e9n dio la orden de realizarse y llevarla a la maquila.<\/p>\n\n\n\n<p>El Grupo parlamentario del PRD, se\u00f1ala que fue el 14 de abril de 2022, cuando se public\u00f3 en el Peri\u00f3dico Oficial del Gobierno del Estado, en su edici\u00f3n Extraordinaria, la ley que sustituye a la de Seguridad P\u00fablica 777, tras la sentencia emitida por la Suprema Corte de Justicia de la Naci\u00f3n (SCJN) en relaci\u00f3n al juicio de inconstitucionalidad 81\/2021.<\/p>\n\n\n\n<p>Aseguran que dicho documento, \u201cfue alterado por manos extra\u00f1as y no corresponde al dictamen que vot\u00f3 el Pleno de la LXIII Legislatura en la sesi\u00f3n de fecha 12 de abril de 2022\u201d.<\/p>\n\n\n\n<p>Insisten \u201cDe manera indebida fue cambiada la redacci\u00f3n de \u00faltimo momento, la diferencia se encuentra en el Segundo Transitorio que la versi\u00f3n que fue modificada y se\u00f1ala: Lo dispuesto en los art\u00edculos 1, fracci\u00f3n II, 8, fracci\u00f3n IV, 17, fracci\u00f3n XXIV, el art\u00edculo 30, fracci\u00f3n VIII, de la presente Ley, no entrar\u00e1n en vigor hasta que concluya la consulta mandatada por la Suprema Corte de Justicia de la Naci\u00f3n en la Acci\u00f3n de Inconstitucionalidad 81\/2018, y en su caso el Congreso deber\u00e1 realizar las reformas o adiciones necesarias a estos art\u00edculos a partir de lo establecido por los pueblos y comunidades ind\u00edgenas y afromexicanas en dicho proceso de consulta\u201d.<\/p>\n\n\n\n<p>Contin\u00faan: \u201cEl texto que fue aprobado por las y los diputados de la 63 Legislatura, establece: Lo dispuesto en el art\u00edculo 30, fracci\u00f3n VIII, de la presente Ley, surtir\u00e1 sus efectos una vez aprobados los Decretos que contengan las reformas y adiciones reformas al Art\u00edculo 14 de la Constituci\u00f3n Pol\u00edtica del Estado Libre y Soberano de Guerrero, y a la Ley n\u00famero 701 de Reconocimiento, Derechos y Cultura de los Pueblos y Comunidades Ind\u00edgenas del Estado de Guerrero, ambas en materia de Seguridad Comunitaria\u201d.<\/p>\n\n\n\n<p>En el comunicado emitido este domingo 17 de abril, se anota que los cambios no solo son notorios, sino que trascienden a la vida jur\u00eddica de tal forma que obliga al Congreso del Estado a realizar reformas a la Ley aprobada, incluyendo aquello que digan los Pueblos y Comunidades Ind\u00edgenas en el proceso de Consulta.<\/p>\n\n\n\n<p>Y se apunta: \u201cLo grave no es que se pueda realizar dichas reformas, lo graves es que nos somete a otro proceso de consulta y entonces, esto se convertir\u00eda en un proceso inacabado\u201d.<\/p>\n\n\n\n<p>Por eso establecen la necesidad de marcar distancia de lo publicado: \u201cComo grupo parlamentario, nos deslindamos, pero tambi\u00e9n pedimos se deslinden responsabilidad en contra de quien atent\u00f3 en contra de la Soberan\u00eda del Poder Legislativo; estas acciones que atentan en contra del debido proceso legislativo, as\u00ed como del contenido del texto que se introdujo y fue publicado en el Peri\u00f3dico Oficial del Gobierno del Estado\u201d.<\/p>\n\n\n\n<p>Ya en el cierre sentencian: \u201cEstas acciones vulneran la integridad y la credibilidad del Poder Legislativo, pero sobre todo, constituyen un peligroso antecedente que no se puede permitir\u201d.<\/p>\n","protected":false},"excerpt":{"rendered":"<p>&#8212; La modificaci\u00f3n al art\u00edculo segundo de los Transitorios, representa un peligroso antecedente que no se debe permitir&#8212; Exigen al presidente de la Jucopo, Alfredo S\u00e1nchez Esquivel y la presidenta&hellip; <\/p>\n","protected":false},"author":21,"featured_media":44039,"comment_status":"open","ping_status":"open","sticky":false,"template":"","format":"standard","meta":{"fifu_image_url":"","fifu_image_alt":"","footnotes":""},"categories":[2],"tags":[],"class_list":["post-44038","post","type-post","status-publish","format-standard","has-post-thumbnail","hentry","category-congreso"],"_links":{"self":[{"href":"https:\/\/www.interaccionnoticias.com.mx\/index.php?rest_route=\/wp\/v2\/posts\/44038","targetHints":{"allow":["GET"]}}],"collection":[{"href":"https:\/\/www.interaccionnoticias.com.mx\/index.php?rest_route=\/wp\/v2\/posts"}],"about":[{"href":"https:\/\/www.interaccionnoticias.com.mx\/index.php?rest_route=\/wp\/v2\/types\/post"}],"author":[{"embeddable":true,"href":"https:\/\/www.interaccionnoticias.com.mx\/index.php?rest_route=\/wp\/v2\/users\/21"}],"replies":[{"embeddable":true,"href":"https:\/\/www.interaccionnoticias.com.mx\/index.php?rest_route=%2Fwp%2Fv2%2Fcomments&post=44038"}],"version-history":[{"count":1,"href":"https:\/\/www.interaccionnoticias.com.mx\/index.php?rest_route=\/wp\/v2\/posts\/44038\/revisions"}],"predecessor-version":[{"id":44040,"href":"https:\/\/www.interaccionnoticias.com.mx\/index.php?rest_route=\/wp\/v2\/posts\/44038\/revisions\/44040"}],"wp:featuredmedia":[{"embeddable":true,"href":"https:\/\/www.interaccionnoticias.com.mx\/index.php?rest_route=\/wp\/v2\/media\/44039"}],"wp:attachment":[{"href":"https:\/\/www.interaccionnoticias.com.mx\/index.php?rest_route=%2Fwp%2Fv2%2Fmedia&parent=44038"}],"wp:term":[{"taxonomy":"category","embeddable":true,"href":"https:\/\/www.interaccionnoticias.com.mx\/index.php?rest_route=%2Fwp%2Fv2%2Fcategories&post=44038"},{"taxonomy":"post_tag","embeddable":true,"href":"https:\/\/www.interaccionnoticias.com.mx\/index.php?rest_route=%2Fwp%2Fv2%2Ftags&post=44038"}],"curies":[{"name":"wp","href":"https:\/\/api.w.org\/{rel}","templated":true}]}}