{"id":4397,"date":"2017-05-17T16:09:45","date_gmt":"2017-05-17T21:09:45","guid":{"rendered":"http:\/\/www.inter-accion.com.mx\/?p=4397"},"modified":"2017-05-17T16:09:45","modified_gmt":"2017-05-17T21:09:45","slug":"marchan-periodistas-en-acapulco","status":"publish","type":"post","link":"https:\/\/www.interaccionnoticias.com.mx\/?p=4397","title":{"rendered":"Marchan periodistas en Acapulco"},"content":{"rendered":"<p><strong>Por segundo d\u00eda consecutivo protestan en PGR<\/strong><br \/>\nAcapulco, Gro.- \u201cNos est\u00e1n matando. No al silencio\u201d, fue la consigna que acompa\u00f1\u00f3 una marcha de periodistas que llegaron hasta la subdelegaci\u00f3n de la Procuradur\u00eda General de la Rep\u00fablica en Acapulco.<br \/>\nPor su segundo d\u00eda consecutivo los comunicadores, ahora marcharon en silencio sobre la costera Miguel Alem\u00e1n exigiendo al Estado otorgue las garant\u00edas de seguridad para hacer su trabajo.<br \/>\nAcompa\u00f1ados por representantes de organizaciones pol\u00edticas, sociales y docentes los cuales caminaron desde la glorieta de La Diana hasta la subdelegaci\u00f3n de Procedimientos Penales de la PGR.<br \/>\nLo anterior tras los hechos ocurridos a un grupo de comunicadores y fotoperiodistas en el municipio de Acapetlahuaya, en la regi\u00f3n de la Tierra Caliente y el crimen cometido contra Javier Valdez en Culiac\u00e1n, Sinaloa.<br \/>\nAyer martes, m\u00e1s de 70 periodistas, fot\u00f3grafos, camar\u00f3grafos y editores realizaron una serie de bloqueos intermitentes en la glorieta de La Diana y pasaron lista de los periodistas asesinados, exigieron justicia y el esclarecimiento de los casos que contin\u00faan en la impunidad.<br \/>\nEl contingente llevaba pancartas y lonas con leyendas \u201c#Nos est\u00e1n matando. \u00a1No al Silencio!\u201d.<br \/>\nLos comunicadores al llegar a la subdelegaci\u00f3n, una veintena de efectivos de la Polic\u00eda Federal impidieron el paso para manifestarse frente a la sede de la Procuradur\u00eda General de la Rep\u00fablica.<br \/>\nUno de los viejos periodistas, Ignacio Hern\u00e1ndez Meneses, reproch\u00f3 que la violencia ha golpeado a los diversos sectores de la sociedad.<br \/>\n\u201cEse monstruo (el de la violencia e inseguridad) nos ha golpeado a los periodistas, aqu\u00ed y ahora, demandamos, exigimos al gobierno a que cumpla con el deber constitucional de hacer efectivas las garant\u00edas constitucionales.<br \/>\n\u201cQue nos permitan realizar nuestro trabajo como comunicadores. Se ha manchada el ejercicio de la libertad de expresi\u00f3n de la libertad de prensa y el derecho de la gente a estar informaos\u201d, reclam\u00f3 frente al plant\u00f3n que hicieron frente a la sede de la PGR en Acapulco.<br \/>\n&nbsp;<\/p>\n","protected":false},"excerpt":{"rendered":"<p>Por segundo d\u00eda consecutivo protestan en PGR Acapulco, Gro.- \u201cNos est\u00e1n matando. No al silencio\u201d, fue la consigna que acompa\u00f1\u00f3 una marcha de periodistas que llegaron hasta la subdelegaci\u00f3n de&hellip; <\/p>\n","protected":false},"author":1,"featured_media":0,"comment_status":"open","ping_status":"open","sticky":false,"template":"","format":"standard","meta":{"fifu_image_url":"","fifu_image_alt":"","footnotes":""},"categories":[8,15],"tags":[],"class_list":["post-4397","post","type-post","status-publish","format-standard","hentry","category-featured","category-movimientos-sociales"],"_links":{"self":[{"href":"https:\/\/www.interaccionnoticias.com.mx\/index.php?rest_route=\/wp\/v2\/posts\/4397","targetHints":{"allow":["GET"]}}],"collection":[{"href":"https:\/\/www.interaccionnoticias.com.mx\/index.php?rest_route=\/wp\/v2\/posts"}],"about":[{"href":"https:\/\/www.interaccionnoticias.com.mx\/index.php?rest_route=\/wp\/v2\/types\/post"}],"author":[{"embeddable":true,"href":"https:\/\/www.interaccionnoticias.com.mx\/index.php?rest_route=\/wp\/v2\/users\/1"}],"replies":[{"embeddable":true,"href":"https:\/\/www.interaccionnoticias.com.mx\/index.php?rest_route=%2Fwp%2Fv2%2Fcomments&post=4397"}],"version-history":[{"count":0,"href":"https:\/\/www.interaccionnoticias.com.mx\/index.php?rest_route=\/wp\/v2\/posts\/4397\/revisions"}],"wp:attachment":[{"href":"https:\/\/www.interaccionnoticias.com.mx\/index.php?rest_route=%2Fwp%2Fv2%2Fmedia&parent=4397"}],"wp:term":[{"taxonomy":"category","embeddable":true,"href":"https:\/\/www.interaccionnoticias.com.mx\/index.php?rest_route=%2Fwp%2Fv2%2Fcategories&post=4397"},{"taxonomy":"post_tag","embeddable":true,"href":"https:\/\/www.interaccionnoticias.com.mx\/index.php?rest_route=%2Fwp%2Fv2%2Ftags&post=4397"}],"curies":[{"name":"wp","href":"https:\/\/api.w.org\/{rel}","templated":true}]}}