{"id":4385,"date":"2017-05-16T22:33:44","date_gmt":"2017-05-17T03:33:44","guid":{"rendered":"http:\/\/www.inter-accion.com.mx\/?p=4385"},"modified":"2017-05-16T22:33:44","modified_gmt":"2017-05-17T03:33:44","slug":"fusdeg-vs-upoeg-podria-convertirse-en-otro-tierra-caliente","status":"publish","type":"post","link":"https:\/\/www.interaccionnoticias.com.mx\/?p=4385","title":{"rendered":"FUSDEG vs UPOEG podr\u00eda convertirse en otro Tierra Caliente"},"content":{"rendered":"<p>El alcalde Marco Antonio Leyva Mena advirti\u00f3 que en Chilpancingo se est\u00e1n gestando las mismas condiciones que en Tierra Caliente, donde los c\u00e1rteles de La Familia Michoacana y Los Tequileros mantienen una confrontaci\u00f3n por el dominio de los territorios a trav\u00e9s de grupos armados que se asumen como polic\u00edas comunitarias.<br \/>\nEn conferencia de prensa, el edil reconoci\u00f3 que en Chilpancingo ocurre una situaci\u00f3n similar con el FUSDEG y la UPOEG.<br \/>\nAmbos grupos armados operan al margen de la ley, &nbsp;se hacen llamar polic\u00edas comunitarias y mantienen una disputa violenta por el control de los pueblos que integran el valle de Ocotito.<\/p>\n<ul>\n<li>\u00bfEs posible que en Chilpancingo se reproduzca lo que ocurri\u00f3 hace unos d\u00edas en San Miguel Totolapan y toda la regi\u00f3n Tierra Caliente?, pregunt\u00f3 este medio de comunicaci\u00f3n al alcalde capitalino. &nbsp;<\/li>\n<\/ul>\n<p>\u201cSi contestara que no, ser\u00eda un mentiroso. Es una probabilidad, por supuesto que es una probabilidad que esto ocurra y por eso tenemos que trabajar para que no suceda\u201d, respondi\u00f3 Leyva Mena.<br \/>\nLa madrugada del 10 de mayo, el c\u00e1rtel de La Familia Michoacana irrumpi\u00f3 en la comunidad de La Gavia, en el municipio de San Miguel Totolapan, donde se enfrentaron a balazos con el c\u00e1rtel de Los Tequileros. El saldo fue de ocho muertos y cuatro heridos.<br \/>\nAnte la escalada de violencia que deriv\u00f3 de este hecho, el Ej\u00e9rcito y las polic\u00edas Estatal y Ministerial ingresaron en la cabecera municipal y tomaron el control de la seguridad. En respuesta, los grupos delictivos disfrazados de polic\u00edas comunitarias instalaron 20 retenes y quemaron veh\u00edculos en diferentes puntos de la regi\u00f3n Tierra Caliente.<br \/>\nEl alcalde Marco Antonio Leyva Mena prev\u00e9 que, de continuar el conflicto entre el FUSDEG y la UPOEG, este escenario podr\u00eda replicarse en Chilpancingo.<br \/>\n\u201cSi eso mismo sucede en la capital\u2026 va a ser muy lamentable\u201d, expres\u00f3.<br \/>\nPor ello, advirti\u00f3 la urgencia de que se concluyan a la brevedad las Bases Operativas Mixtas Urbanas y Suburbanas (BOMUS) en las salidas de la ciudad.<br \/>\nActualmente existen dos: una en Petaquillas y otra en la salida hacia Amojileca.<br \/>\nIndic\u00f3 que este a\u00f1o se concluir\u00e1 una tercera BOMUS a la altura de Tierras Prietas y est\u00e1 por definirse una cuarta en la salida hacia Tixtla.<br \/>\nAsimismo, indic\u00f3 que su gobierno est\u00e1 trabajando para \u201cincrementar la participaci\u00f3n ciudadana\u201d en materia de prevenci\u00f3n del delito.<br \/>\nPara ello, dijo, se ha extendido el programa de Vecino Vigilante.<br \/>\nOtro punto focal para evitar que en Chilpancingo se replique el escenario de violencia que se vivi\u00f3 hace unos d\u00edas en Tierra Caliente, seg\u00fan el alcalde, es \u201cincrementar los escudos de alarma para tener mayor seguridad\u201d.<br \/>\nTambi\u00e9n consider\u00f3 necesario que haya \u201cuna participaci\u00f3n efectiva de las organizaciones gremiales.<br \/>\nEn ese sentido, inform\u00f3 que en los pr\u00f3ximos d\u00edas se reunir\u00e1 con los cuerpos empresariales para formular una estrategia conjunta de prevenci\u00f3n del delito.<br \/>\n\u201cVamos a decirle (a los empresarios) basta de las disputas, v\u00e1monos a un acuerdo, v\u00e1monos a un pacto pol\u00edtico, social y econ\u00f3mico por Chilpancingo, que nos permita a nosotros transitar por estos momentos de violencia\u201d, expreso.<br \/>\nLeyva Mena insisti\u00f3 en que \u201cm\u00e1s all\u00e1 del discurso, m\u00e1s all\u00e1 de observar y ser testigos de lo que ocurre, debemos de tener la capacidad para transformar lo que est\u00e1 ocurriendo\u201d.<br \/>\nEl alcalde de extracci\u00f3n pri\u00edsta tambi\u00e9n hizo un llamado al Poder Legislativo para reglamentar la operaci\u00f3n de las polic\u00edas comunitarias en territorios mestizos, ya que \u00e9stas no cuentan con el aval de la Ley 701 de Reconocimiento, Derechos y Cultura de los Pueblos y Comunidades Ind\u00edgenas de Guerrero.<br \/>\nMientras estos grupos armados no se legislen, dijo, \u201cestaremos haciendo \u00f3rganos que no son institucionales y que operan al margen de la legalidad y los derechos humanos\u201d.<br \/>\nReconoci\u00f3 que las polic\u00edas comunitarias se mueven en \u201cuna l\u00ednea muy delgada\u201d, entre combatir la delincuencia y cometer ellos mismos los actos delictivos.<br \/>\n\u201cHay una frontera que ellos traspasan con el tipo de armamento que usan, con las actividades o las detenciones que realizan, que muchas veces no est\u00e1n documentadas ni reglamentadas\u201d, expuso.<br \/>\nInform\u00f3 que la pr\u00f3xima semana dar\u00e1 a conocer una propuesta con 10 puntos \u201celementales y estrat\u00e9gicos\u201d que deben incluirse en la iniciativa para legislar la operaci\u00f3n de polic\u00edas comunitarias en zonas mestizas.<br \/>\nRespecto a la escalada de violencia en las regiones Centro y Tierra Caliente, Leyva Mena admiti\u00f3 que \u201cgobernar en estos tiempos no es un asunto f\u00e1cil, sino bastante complejo\u201d.<br \/>\nPor ello, mand\u00f3 un mensaje de apoyo y solidaridad al gobernador H\u00e9ctor Astudillo Flores, a quien felicit\u00f3 por las estrategias implementadas para atender de manera emergente la situaci\u00f3n de crisis.<br \/>\n\u201cCreo que el gobierno est\u00e1 haciendo lo que puede, lo que debe y lo que tiene que hacer. Sin embargo, tambi\u00e9n es evidente que muchas veces el efecto de estos grupos criminales es mucho m\u00e1s grande que todo el aparato que se puede tener, incluida la coordinaci\u00f3n efectiva entre el Ej\u00e9rcito y los tres niveles de gobierno\u201d, admiti\u00f3 el alcalde.<br \/>\nDestac\u00f3 que a pesar del nivel que alcanz\u00f3 la crisis en Tierra Caliente, al gobernador no se le fue de las manos la gobernabilidad.<br \/>\n\u201cLa gobernabilidad no se ha perdido y el poder mantenerla es tambi\u00e9n parte de mandar un mensaje muy claro a las organizaciones de car\u00e1cter criminal, de que el gobierno del estado y el gobierno federal est\u00e1n actuando\u201d, afirm\u00f3.<br \/>\n\u201cMe consta que Astudillo continuamente est\u00e1 en pl\u00e1ticas en una mesa con las instancias de gobierno de los tres niveles. Me consta que este gobierno ha tratado de mantener la gobernabilidad y la estabilidad sin el uso de la fuerza p\u00fablica. Pero tambi\u00e9n me consta que el gobernador tiene car\u00e1cter y tiene el arrojo para que en situaciones complicadas y dif\u00edciles como las que est\u00e1n ocurriendo pueda mandar la fuerza p\u00fablica e imponer el orden\u201d, expres\u00f3 Leyva Mena.<br \/>\nPor ello, consider\u00f3 que la sociedad y las instituciones pol\u00edticas \u201cdeben de avalar\u201d la actuaci\u00f3n del gobierno estatal en lugar de \u201cpolitizarlo como est\u00e1 haciendo el PRD\u201d.<br \/>\nEl alcalde capitalino reconoci\u00f3 que la crisis que enfrenta Guerrero es complicada porque \u201cel problema del narcotr\u00e1fico est\u00e1 permeando muy fuerte en el estado\u201d, ya que hay entre 15 y 20 agrupaciones criminales operando en la entidad.<br \/>\nEl florecimiento de los c\u00e1rteles de la droga se debe, dijo, a que la amapola que se cultiva en Guerrero es \u201cun gran negocio\u201d que genera ganancias por 17 mil millones de d\u00f3lares anuales.<br \/>\nAnte la magnitud del problema, insisti\u00f3 en la necesidad de que el gobierno federal apoye a Guerrero de manera permanente y se convoque a \u201cun gran pacto social que nos permita transitar por este momento de crisis en el estado\u201d.<br \/>\nLeyva Mena consider\u00f3 necesario que se el Poder Legislativo legalice la producci\u00f3n, comercializaci\u00f3n y uso medicinal de la amapola.<br \/>\nAsimismo, advirti\u00f3 que mientras los tres niveles de gobierno no generen \u201cuna alternativa diferente a la producci\u00f3n de amapola en las zonas altas de Guerrero (\u2026) estar\u00e1n siendo c\u00f3mplices silenciosos de esta situaci\u00f3n\u201d.&nbsp;<\/p>\n","protected":false},"excerpt":{"rendered":"<p>El alcalde Marco Antonio Leyva Mena advirti\u00f3 que en Chilpancingo se est\u00e1n gestando las mismas condiciones que en Tierra Caliente, donde los c\u00e1rteles de La Familia Michoacana y Los Tequileros&hellip; <\/p>\n","protected":false},"author":1,"featured_media":0,"comment_status":"open","ping_status":"open","sticky":false,"template":"","format":"standard","meta":{"fifu_image_url":"","fifu_image_alt":"","footnotes":""},"categories":[8,23],"tags":[],"class_list":["post-4385","post","type-post","status-publish","format-standard","hentry","category-featured","category-regionales"],"_links":{"self":[{"href":"https:\/\/www.interaccionnoticias.com.mx\/index.php?rest_route=\/wp\/v2\/posts\/4385","targetHints":{"allow":["GET"]}}],"collection":[{"href":"https:\/\/www.interaccionnoticias.com.mx\/index.php?rest_route=\/wp\/v2\/posts"}],"about":[{"href":"https:\/\/www.interaccionnoticias.com.mx\/index.php?rest_route=\/wp\/v2\/types\/post"}],"author":[{"embeddable":true,"href":"https:\/\/www.interaccionnoticias.com.mx\/index.php?rest_route=\/wp\/v2\/users\/1"}],"replies":[{"embeddable":true,"href":"https:\/\/www.interaccionnoticias.com.mx\/index.php?rest_route=%2Fwp%2Fv2%2Fcomments&post=4385"}],"version-history":[{"count":0,"href":"https:\/\/www.interaccionnoticias.com.mx\/index.php?rest_route=\/wp\/v2\/posts\/4385\/revisions"}],"wp:attachment":[{"href":"https:\/\/www.interaccionnoticias.com.mx\/index.php?rest_route=%2Fwp%2Fv2%2Fmedia&parent=4385"}],"wp:term":[{"taxonomy":"category","embeddable":true,"href":"https:\/\/www.interaccionnoticias.com.mx\/index.php?rest_route=%2Fwp%2Fv2%2Fcategories&post=4385"},{"taxonomy":"post_tag","embeddable":true,"href":"https:\/\/www.interaccionnoticias.com.mx\/index.php?rest_route=%2Fwp%2Fv2%2Ftags&post=4385"}],"curies":[{"name":"wp","href":"https:\/\/api.w.org\/{rel}","templated":true}]}}