{"id":43829,"date":"2022-04-11T14:32:46","date_gmt":"2022-04-11T19:32:46","guid":{"rendered":"https:\/\/interaccionnoticias.com.mx\/?p=43829"},"modified":"2022-04-11T14:32:51","modified_gmt":"2022-04-11T19:32:51","slug":"plantea-felix-salgado-la-reeleccion-de-amlo-para-2024","status":"publish","type":"post","link":"https:\/\/www.interaccionnoticias.com.mx\/?p=43829","title":{"rendered":"Plantea F\u00e9lix Salgado la reelecci\u00f3n de AMLO para 2024"},"content":{"rendered":"\n<p><strong><em>\u2014 Si ya hay para senadores, diputados federales, locales y alcaldes \u00bfPor qu\u00e9 no para el presidente de la Rep\u00fablica y gobernadores?<br>\u2014 \u201cSufragio efectivo, no reelecci\u00f3n\u201d, le responden en redes sociales<\/em><\/strong>\u00a0\u00a0<\/p>\n\n\n\n<p><strong>Rogelio Agust\u00edn<\/strong><\/p>\n\n\n\n<p>El senador con licencia, F\u00e9lix Salgado Macedonio volvi\u00f3 a referirse p\u00fablicamente a la posibilidad de que el presidente de la Rep\u00fablica, Andr\u00e9s Manuel L\u00f3pez Obrador busque la reelecci\u00f3n en las elecciones federales de 2024.<\/p>\n\n\n\n<p>A pocas horas de cerrara la consulta para la Revocaci\u00f3n de Mandato, en donde Guerrero aporta cerca de 600 mil votos, el ex candidato a la gubernatura coloc\u00f3 en sus redes sociales un comentario en el que hace alusi\u00f3n al fuerte respaldo popular que tiene el actual jefe de la Naci\u00f3n.<\/p>\n\n\n\n<p>\u00a1Hay AMLO para 2024 y m\u00e1s! Comienza el post de la ma\u00f1ana del 11 de abril, colocado en el muro de Salgado Macedonio.<\/p>\n\n\n\n<p>Luego se\u00f1ala: \u201cHay reelecci\u00f3n para senadores, diputados federales y locales, presidentes municipales, s\u00edndicos y regidores. \u00bfPodr\u00eda haber reelecci\u00f3n para gobernadores y presidentes de la Rep\u00fablica?\u201d.<\/p>\n\n\n\n<p>La publicaci\u00f3n gener\u00f3 en un lapso de 12 horas 4 mil 096 me gusta y 578 comentarios, adem\u00e1s de que se comparti\u00f3 204 veces.<\/p>\n\n\n\n<p>Aunque fueron muchos los comentarios de apoyo, hubo usuarios que llamaron a la congruencia, como el caso de Cristi\u00e1n Rodr\u00edguez, quien le se\u00f1al\u00f3: \u201cLos pies en la tierra, nada por encima de la ley y de la Constituci\u00f3n, el presidente pone el ejemplo con hechos, gracias a \u00e9l hoy muchos tienen el puesto que desempe\u00f1an, que por cierto, muchos no lo est\u00e1n haciendo bien\u201d.<\/p>\n\n\n\n<p>Gerardo Nabor Ojeda cuestion\u00f3: \u00bfQu\u00e9 pensar\u00eda (Francisco) Madero? Y Martha de Jes\u00fas complement\u00f3: \u201cSufragio efectivo no reelecci\u00f3n\u201d.&nbsp;<\/p>\n\n\n\n<p>A manera de respuesta, Salgado Macedonio aclar\u00f3: \u201cSolo es pregunta. Lo que el pueblo diga. Abrazos a todos\u201d.<\/p>\n\n\n\n<p>El pasado 4 de abril, en un mitin en Ixtapaluca, Estado de M\u00e9xico, Salgado Macedonio plante\u00f3 por primera ocasi\u00f3n el tema, aunque d\u00edas despu\u00e9s, al ser cuestionado en Chilpancingo sostuvo que le hab\u00edan tergiversado un mensaje dirigido a los simpatizantes del presidente.<\/p>\n","protected":false},"excerpt":{"rendered":"<p>\u2014 Si ya hay para senadores, diputados federales, locales y alcaldes \u00bfPor qu\u00e9 no para el presidente de la Rep\u00fablica y gobernadores?\u2014 \u201cSufragio efectivo, no reelecci\u00f3n\u201d, le responden en redes&hellip; <\/p>\n","protected":false},"author":21,"featured_media":43765,"comment_status":"open","ping_status":"open","sticky":false,"template":"","format":"standard","meta":{"fifu_image_url":"","fifu_image_alt":"","footnotes":""},"categories":[21],"tags":[],"class_list":["post-43829","post","type-post","status-publish","format-standard","has-post-thumbnail","hentry","category-politica"],"_links":{"self":[{"href":"https:\/\/www.interaccionnoticias.com.mx\/index.php?rest_route=\/wp\/v2\/posts\/43829","targetHints":{"allow":["GET"]}}],"collection":[{"href":"https:\/\/www.interaccionnoticias.com.mx\/index.php?rest_route=\/wp\/v2\/posts"}],"about":[{"href":"https:\/\/www.interaccionnoticias.com.mx\/index.php?rest_route=\/wp\/v2\/types\/post"}],"author":[{"embeddable":true,"href":"https:\/\/www.interaccionnoticias.com.mx\/index.php?rest_route=\/wp\/v2\/users\/21"}],"replies":[{"embeddable":true,"href":"https:\/\/www.interaccionnoticias.com.mx\/index.php?rest_route=%2Fwp%2Fv2%2Fcomments&post=43829"}],"version-history":[{"count":1,"href":"https:\/\/www.interaccionnoticias.com.mx\/index.php?rest_route=\/wp\/v2\/posts\/43829\/revisions"}],"predecessor-version":[{"id":43830,"href":"https:\/\/www.interaccionnoticias.com.mx\/index.php?rest_route=\/wp\/v2\/posts\/43829\/revisions\/43830"}],"wp:featuredmedia":[{"embeddable":true,"href":"https:\/\/www.interaccionnoticias.com.mx\/index.php?rest_route=\/wp\/v2\/media\/43765"}],"wp:attachment":[{"href":"https:\/\/www.interaccionnoticias.com.mx\/index.php?rest_route=%2Fwp%2Fv2%2Fmedia&parent=43829"}],"wp:term":[{"taxonomy":"category","embeddable":true,"href":"https:\/\/www.interaccionnoticias.com.mx\/index.php?rest_route=%2Fwp%2Fv2%2Fcategories&post=43829"},{"taxonomy":"post_tag","embeddable":true,"href":"https:\/\/www.interaccionnoticias.com.mx\/index.php?rest_route=%2Fwp%2Fv2%2Ftags&post=43829"}],"curies":[{"name":"wp","href":"https:\/\/api.w.org\/{rel}","templated":true}]}}