{"id":43744,"date":"2022-04-08T23:21:06","date_gmt":"2022-04-09T04:21:06","guid":{"rendered":"https:\/\/interaccionnoticias.com.mx\/?p=43744"},"modified":"2022-04-08T23:21:11","modified_gmt":"2022-04-09T04:21:11","slug":"avanzan-negociaciones-entre-trabajadores-del-ieejag-y-gobierno-estatal","status":"publish","type":"post","link":"https:\/\/www.interaccionnoticias.com.mx\/?p=43744","title":{"rendered":"Avanzan negociaciones entre trabajadores del IEEJAG y gobierno estatal"},"content":{"rendered":"\n<p><strong><em>&#8211; Podr\u00edan entregar las oficinas centrales el lunes pr\u00f3ximo, tras 89 d\u00edas de plant\u00f3n<\/em><\/strong><\/p>\n\n\n\n<p><strong>Rosario Garc\u00eda Orozco<\/strong><\/p>\n\n\n\n<p><strong>Chilpancingo, Gro., 8 de abril del 2022.-<\/strong> Trabajadores del Instituto Estatal para la Educaci\u00f3n de J\u00f3venes y Adultos de Guerrero (IEEJAG) informaron que avanzan favorablemente las negociaciones con el gobierno del estado y que el pr\u00f3ximo lunes o martes estar\u00e1n entregando las oficinas centrales.<\/p>\n\n\n\n<p>Sus protestas inclu\u00edan el cierre de calles, toma de la direcci\u00f3n general del instituto y bloqueo de labores en todas las coordinaciones de zona, inform\u00f3 Cornelio Garc\u00eda Galindo, presidente del Frente Democr\u00e1tico de los Trabajadores del IEEJAG.<\/p>\n\n\n\n<p>Los trabajadores agradecieron a los medios de comunicaci\u00f3n su solidaridad con la lucha social y explicaron, \u201cestamos en las \u00faltimas negociaciones con el gobierno del estado para llegar a una soluci\u00f3n, estamos en el proceso de dar forma y fondo a las minutas y a los convenios que se firmar\u00e1n a m\u00e1s tardar el pr\u00f3ximo lunes y ese mismo d\u00eda o el martes estaremos concluyendo nuestra lucha, entregando la direcci\u00f3n general del IEEJAG y todas las coordinaciones, y esperando que termine el periodo vacacional para reanudar nuestras actividades\u201d.<\/p>\n\n\n\n<p>Entre los acuerdos se\u00f1al\u00f3 el l\u00edder, est\u00e1n la inscripci\u00f3n al ISSSTE o al FOVISSSTE, otorgamiento de bases, reconocimiento de acuerdo a la Ley Federal del Trabajo como trabajadores del institutoentrega de nombramientos.<\/p>\n\n\n\n<p>Lamentaron que en esos 89 d\u00edas de protesta, no haya habido entendimiento con la administraci\u00f3n central y prefirieron \u00abnegociar\u00bb con la propia gobernadora y sus funcionarios.<\/p>\n\n\n\n<p>\u00abNos hemos mantenido firmes y fuertes, nos llevamos la victoria a trav\u00e9s de la lucha social en exigencia de cumplimiento a un laudo, en el que la Junta Laboral nos otorg\u00f3 todos los derechos conforme a la Ley porque tenemos legitimidad laboral\u201d, asegur\u00f3.<\/p>\n\n\n\n<p>Garc\u00eda Galindo reconoci\u00f3 que fue bueno tratar con la gobernadora y atender y resolver este conflicto.<\/p>\n\n\n\n<p>Tambi\u00e9n reconoci\u00f3 que los trabajadores del IEEJAG contin\u00faan en la movilizaci\u00f3n, \u00abpero tambi\u00e9n ya quieren regresar a llevar educaci\u00f3n y alfabetizaci\u00f3n a los pueblos y a las comunidades\u00bb.<\/p>\n","protected":false},"excerpt":{"rendered":"<p>&#8211; Podr\u00edan entregar las oficinas centrales el lunes pr\u00f3ximo, tras 89 d\u00edas de plant\u00f3n Rosario Garc\u00eda Orozco Chilpancingo, Gro., 8 de abril del 2022.- Trabajadores del Instituto Estatal para la&hellip; <\/p>\n","protected":false},"author":14,"featured_media":43745,"comment_status":"open","ping_status":"open","sticky":false,"template":"","format":"standard","meta":{"fifu_image_url":"","fifu_image_alt":"","footnotes":""},"categories":[6],"tags":[],"class_list":["post-43744","post","type-post","status-publish","format-standard","has-post-thumbnail","hentry","category-educacion"],"_links":{"self":[{"href":"https:\/\/www.interaccionnoticias.com.mx\/index.php?rest_route=\/wp\/v2\/posts\/43744","targetHints":{"allow":["GET"]}}],"collection":[{"href":"https:\/\/www.interaccionnoticias.com.mx\/index.php?rest_route=\/wp\/v2\/posts"}],"about":[{"href":"https:\/\/www.interaccionnoticias.com.mx\/index.php?rest_route=\/wp\/v2\/types\/post"}],"author":[{"embeddable":true,"href":"https:\/\/www.interaccionnoticias.com.mx\/index.php?rest_route=\/wp\/v2\/users\/14"}],"replies":[{"embeddable":true,"href":"https:\/\/www.interaccionnoticias.com.mx\/index.php?rest_route=%2Fwp%2Fv2%2Fcomments&post=43744"}],"version-history":[{"count":1,"href":"https:\/\/www.interaccionnoticias.com.mx\/index.php?rest_route=\/wp\/v2\/posts\/43744\/revisions"}],"predecessor-version":[{"id":43746,"href":"https:\/\/www.interaccionnoticias.com.mx\/index.php?rest_route=\/wp\/v2\/posts\/43744\/revisions\/43746"}],"wp:featuredmedia":[{"embeddable":true,"href":"https:\/\/www.interaccionnoticias.com.mx\/index.php?rest_route=\/wp\/v2\/media\/43745"}],"wp:attachment":[{"href":"https:\/\/www.interaccionnoticias.com.mx\/index.php?rest_route=%2Fwp%2Fv2%2Fmedia&parent=43744"}],"wp:term":[{"taxonomy":"category","embeddable":true,"href":"https:\/\/www.interaccionnoticias.com.mx\/index.php?rest_route=%2Fwp%2Fv2%2Fcategories&post=43744"},{"taxonomy":"post_tag","embeddable":true,"href":"https:\/\/www.interaccionnoticias.com.mx\/index.php?rest_route=%2Fwp%2Fv2%2Ftags&post=43744"}],"curies":[{"name":"wp","href":"https:\/\/api.w.org\/{rel}","templated":true}]}}