{"id":43742,"date":"2022-04-08T20:24:20","date_gmt":"2022-04-09T01:24:20","guid":{"rendered":"https:\/\/interaccionnoticias.com.mx\/?p=43742"},"modified":"2022-04-08T20:24:24","modified_gmt":"2022-04-09T01:24:24","slug":"confirman-instalacion-de-sensores-para-medir-la-actividad-sismica-en-las-costas-de-guerrero","status":"publish","type":"post","link":"https:\/\/www.interaccionnoticias.com.mx\/?p=43742","title":{"rendered":"Confirman instalaci\u00f3n de sensores para medir la actividad s\u00edsmica en las costas de Guerrero"},"content":{"rendered":"\n<p><strong><em>&#8212; No implica que vaya a haber un gran terremoto, aclara el secretario de Proptecci\u00f3n Civil, Roberto Arroyo Mattus<\/em><\/strong><\/p>\n\n\n\n<p><strong>Rogelio Agust\u00edn<\/strong><\/p>\n\n\n\n<p>El secretario de Protecci\u00f3n Civil de Guerrero, Roberto Arroyo Mattus confirm\u00f3 la instalaci\u00f3n de sensores mar\u00edtimos para monitorear un fen\u00f3meno conocido como \u201csismo lento\u201d, el cual precis\u00f3, no implica directamente el riesgo de un sismo de gran magnitud, como se ha manejado en diferentes redes sociales.<\/p>\n\n\n\n<p>Arroyo Mattus es un cient\u00edfico reconocido a nivel nacional, que en el gobierno actual acept\u00f3 la invitaci\u00f3n de incorporarse a la Secretar\u00eda de Protecci\u00f3n Civil, y considera que en los \u00faltimos d\u00edas se ha estado difundiendo informaci\u00f3n de manera equivocada respecto al fen\u00f3meno conocido como sismo lento bajo el mar.<\/p>\n\n\n\n<p>Reconoci\u00f3 que efectivamente, hay un equipo de cientificos trabajando en la instalaci\u00f3n de sensores en las costas de Guerrero, aunque aclar\u00f3 que esta no es la primera ocasi\u00f3n que se presenta un fen\u00f3meno de esa naturaleza.<\/p>\n\n\n\n<p>De hecho, dijo el el sismo lento mar\u00edtimo es com\u00fan, en el caso de Guerrero ya se han tenido antecedentes en los a\u00f1os 2006 y 2016, anteriormete las zonas estaban referenciadas con sistemas de geoposicionamiento global, pero ahora se colocaron directamente los sensores para monitorear el fondo marino.<\/p>\n\n\n\n<p>Con el funcionamiento de los sensores, dijo que se podr\u00e1 establecer como se mueve el suelo mar\u00edtimo, pero de ninguna manera significa que haya la certeza de que est\u00e9 por presentarse un gran terremoto, como indebidamente se ha manejado.<\/p>\n\n\n\n<p>Record\u00f3 que hace un mes aproximadamente, hubo algunas publicaciones respecto a que se realizaban explosiones frente a las costas de Guerrero para provocar peque\u00f1os sismos, lo que matar\u00eda flora y fauna mar\u00edtima, situaci\u00f3n que sostuvo que es completamente falsa.<\/p>\n\n\n\n<p>Insisti\u00f3 en el hecho de que solamente se est\u00e1 midiendo como es que se desplaza la corteza mar\u00edtima en las costas de Guerrero.<\/p>\n\n\n\n<p>Explic\u00f3: \u201cVivimos en una zona sismica, pero cientificamente los sismos todavia no se pueden predecir, aqu\u00ed nos toc\u00f3 vivir y hay que estar alertas, conocer nuestros planes de Proteccion Civil, tanto de escuelas como de centros de trabajo\u201d.<\/p>\n","protected":false},"excerpt":{"rendered":"<p>&#8212; No implica que vaya a haber un gran terremoto, aclara el secretario de Proptecci\u00f3n Civil, Roberto Arroyo Mattus Rogelio Agust\u00edn El secretario de Protecci\u00f3n Civil de Guerrero, Roberto Arroyo&hellip; <\/p>\n","protected":false},"author":21,"featured_media":43736,"comment_status":"open","ping_status":"open","sticky":false,"template":"","format":"standard","meta":{"fifu_image_url":"","fifu_image_alt":"","footnotes":""},"categories":[9],"tags":[],"class_list":["post-43742","post","type-post","status-publish","format-standard","has-post-thumbnail","hentry","category-fenomenos-naturales"],"_links":{"self":[{"href":"https:\/\/www.interaccionnoticias.com.mx\/index.php?rest_route=\/wp\/v2\/posts\/43742","targetHints":{"allow":["GET"]}}],"collection":[{"href":"https:\/\/www.interaccionnoticias.com.mx\/index.php?rest_route=\/wp\/v2\/posts"}],"about":[{"href":"https:\/\/www.interaccionnoticias.com.mx\/index.php?rest_route=\/wp\/v2\/types\/post"}],"author":[{"embeddable":true,"href":"https:\/\/www.interaccionnoticias.com.mx\/index.php?rest_route=\/wp\/v2\/users\/21"}],"replies":[{"embeddable":true,"href":"https:\/\/www.interaccionnoticias.com.mx\/index.php?rest_route=%2Fwp%2Fv2%2Fcomments&post=43742"}],"version-history":[{"count":1,"href":"https:\/\/www.interaccionnoticias.com.mx\/index.php?rest_route=\/wp\/v2\/posts\/43742\/revisions"}],"predecessor-version":[{"id":43743,"href":"https:\/\/www.interaccionnoticias.com.mx\/index.php?rest_route=\/wp\/v2\/posts\/43742\/revisions\/43743"}],"wp:featuredmedia":[{"embeddable":true,"href":"https:\/\/www.interaccionnoticias.com.mx\/index.php?rest_route=\/wp\/v2\/media\/43736"}],"wp:attachment":[{"href":"https:\/\/www.interaccionnoticias.com.mx\/index.php?rest_route=%2Fwp%2Fv2%2Fmedia&parent=43742"}],"wp:term":[{"taxonomy":"category","embeddable":true,"href":"https:\/\/www.interaccionnoticias.com.mx\/index.php?rest_route=%2Fwp%2Fv2%2Fcategories&post=43742"},{"taxonomy":"post_tag","embeddable":true,"href":"https:\/\/www.interaccionnoticias.com.mx\/index.php?rest_route=%2Fwp%2Fv2%2Ftags&post=43742"}],"curies":[{"name":"wp","href":"https:\/\/api.w.org\/{rel}","templated":true}]}}