{"id":43740,"date":"2022-04-08T20:20:37","date_gmt":"2022-04-09T01:20:37","guid":{"rendered":"https:\/\/interaccionnoticias.com.mx\/?p=43740"},"modified":"2022-04-08T20:20:41","modified_gmt":"2022-04-09T01:20:41","slug":"reitera-marcial-rodriguez-su-llamado-al-dialogo-a-la-ceteg","status":"publish","type":"post","link":"https:\/\/www.interaccionnoticias.com.mx\/?p=43740","title":{"rendered":"Reitera Marcial Rodr\u00edguez su llamado al di\u00e1logo a la CETEG"},"content":{"rendered":"\n<p><strong><em>&#8212; Les pide evitar actos vand\u00e1licos o que generen violencia<\/em><\/strong><\/p>\n\n\n\n<p><strong>Rosario Garc\u00eda Orozco<\/strong><\/p>\n\n\n\n<p><strong>Chilpancingo, Gro., 8 de abril del 2022.-<\/strong> El titular de la Secretar\u00eda de Educaci\u00f3n Guerrero (SEG), Marcial Rodr\u00edguez Salda\u00f1a, reiter\u00f3 su llamado a la Coordinadora Estatal de Trabajadores de la Educaci\u00f3n (CETEG) a mantener el di\u00e1logo y no incurrir en acciones vand\u00e1licas o que generen violencia, en alusi\u00f3n a los hechos de protesta que realizaron este jueves y que derivaron en un connato de violencia con algunos trabajadores.<\/p>\n\n\n\n<p>El funcionario acudi\u00f3 a una reuni\u00f3n de trabajo con el rector de la Universidad Aut\u00f3noma de Guerrero (UAGro), Jos\u00e9 Alfredo Romero Olea, y los directores de las escuelas preparatorias populares de la entidad, donde fue abordado por los medios de comunicaci\u00f3n, y aclar\u00f3 que la mayor\u00eda de las demandas de los maestros cetegistas son de competencia federal, pero aun as\u00ed han sido atendidos gracias a la intervenci\u00f3n de la gobernadora Evelyn Salgado Pineda, quien se ha comprometido a ser gestora ante instancias federales, para apoyarlos en sus demandas.<\/p>\n\n\n\n<p>El pasado jueves un grupo de maestros, pertenecientes a la CETEG, irrumpieron en las oficinas centrales de la SEG, ubicadas en el Fraccionamiento Villa Lucerna de esta ciudad capital, y hubo momentos en que estuvieron a punto de enfrentarse contra los trabajadores de esas oficinas y usuarios que acuden a realizar tr\u00e1mites.<\/p>\n\n\n\n<p>Por esa raz\u00f3n, Rodr\u00edguez Salda\u00f1a descalific\u00f3 el proceder de los maestros de la CETEG, e insisti\u00f3 en que se han instalado mesas de trabajo para dar cauce a sus demandas, \u201cyo mismo los he atendido\u201d, y consider\u00f3 que no hay raz\u00f3n para protestar si han sido atendidos.<\/p>\n\n\n\n<p>Reiter\u00f3 su llamado a la dirigencia de esta organizaci\u00f3n magisterial disidente a mantener el di\u00e1logo y mencion\u00f3 que despu\u00e9s de la irrupci\u00f3n violenta del jueves en las oficinas centrales de la SEG, \u201cse instal\u00f3 una mesa de trabajo, se reinici\u00f3 el di\u00e1logo y por la tarde llegamos a acuerdos\u201d.<\/p>\n\n\n\n<p>Por otro lado, asegur\u00f3 que no pone mucha atenci\u00f3n a los trascendidos sobre que ser\u00e1 removido de la Secretar\u00eda de Educaci\u00f3n, y agreg\u00f3 que se encuentra enfocado al cien por ciento en su trabajo, por lo que no hace caso a los rumores.<\/p>\n","protected":false},"excerpt":{"rendered":"<p>&#8212; Les pide evitar actos vand\u00e1licos o que generen violencia Rosario Garc\u00eda Orozco Chilpancingo, Gro., 8 de abril del 2022.- El titular de la Secretar\u00eda de Educaci\u00f3n Guerrero (SEG), Marcial&hellip; <\/p>\n","protected":false},"author":14,"featured_media":43737,"comment_status":"open","ping_status":"open","sticky":false,"template":"","format":"standard","meta":{"fifu_image_url":"","fifu_image_alt":"","footnotes":""},"categories":[6],"tags":[],"class_list":["post-43740","post","type-post","status-publish","format-standard","has-post-thumbnail","hentry","category-educacion"],"_links":{"self":[{"href":"https:\/\/www.interaccionnoticias.com.mx\/index.php?rest_route=\/wp\/v2\/posts\/43740","targetHints":{"allow":["GET"]}}],"collection":[{"href":"https:\/\/www.interaccionnoticias.com.mx\/index.php?rest_route=\/wp\/v2\/posts"}],"about":[{"href":"https:\/\/www.interaccionnoticias.com.mx\/index.php?rest_route=\/wp\/v2\/types\/post"}],"author":[{"embeddable":true,"href":"https:\/\/www.interaccionnoticias.com.mx\/index.php?rest_route=\/wp\/v2\/users\/14"}],"replies":[{"embeddable":true,"href":"https:\/\/www.interaccionnoticias.com.mx\/index.php?rest_route=%2Fwp%2Fv2%2Fcomments&post=43740"}],"version-history":[{"count":1,"href":"https:\/\/www.interaccionnoticias.com.mx\/index.php?rest_route=\/wp\/v2\/posts\/43740\/revisions"}],"predecessor-version":[{"id":43741,"href":"https:\/\/www.interaccionnoticias.com.mx\/index.php?rest_route=\/wp\/v2\/posts\/43740\/revisions\/43741"}],"wp:featuredmedia":[{"embeddable":true,"href":"https:\/\/www.interaccionnoticias.com.mx\/index.php?rest_route=\/wp\/v2\/media\/43737"}],"wp:attachment":[{"href":"https:\/\/www.interaccionnoticias.com.mx\/index.php?rest_route=%2Fwp%2Fv2%2Fmedia&parent=43740"}],"wp:term":[{"taxonomy":"category","embeddable":true,"href":"https:\/\/www.interaccionnoticias.com.mx\/index.php?rest_route=%2Fwp%2Fv2%2Fcategories&post=43740"},{"taxonomy":"post_tag","embeddable":true,"href":"https:\/\/www.interaccionnoticias.com.mx\/index.php?rest_route=%2Fwp%2Fv2%2Ftags&post=43740"}],"curies":[{"name":"wp","href":"https:\/\/api.w.org\/{rel}","templated":true}]}}