{"id":4368,"date":"2017-05-16T22:02:37","date_gmt":"2017-05-17T03:02:37","guid":{"rendered":"http:\/\/www.inter-accion.com.mx\/?p=4368"},"modified":"2017-05-16T22:02:37","modified_gmt":"2017-05-17T03:02:37","slug":"guerrero-un-estado-clasista-segun-informe-sobre-calidad-de-la-ciudadania","status":"publish","type":"post","link":"https:\/\/www.interaccionnoticias.com.mx\/?p=4368","title":{"rendered":"Guerrero, un estado clasista seg\u00fan informe sobre calidad de la ciudadan\u00eda"},"content":{"rendered":"<p><span style=\"font-weight: 400;\">La presidencia del Instituto Electoral y de Participaci\u00f3n Ciudadana (IEPC), anticip\u00f3 que en los pr\u00f3ximos d\u00edas se dar\u00e1 a conocer el \u201cInforme Guerrero\u201d sobre la calidad de la ciudadan\u00eda, el cual refleja niveles de confianza de los guerrerenses hacia las instituciones. <\/span><br \/>\n<span style=\"font-weight: 400;\">En entrevista, la presidenta del instituto, Marisela Reyes Reyes indic\u00f3 que entre los primeros hallazgos de la investigaci\u00f3n, es que Guerrero es un estado \u201cclasista\u201d o con alto grado de actitudes discriminatorias en funci\u00f3n a un estatus econ\u00f3mico.<\/span><br \/>\n<span style=\"font-weight: 400;\">\u201cTiene datos sumamente reveladores, en un estado sumamente pobre que siempre se ubica en desarrollo y entre los estados de mayor marginaci\u00f3n o encabezando los primeros lugares de desarrollo econ\u00f3mico y social de derechos humanos\u201d, se\u00f1al\u00f3.<\/span><br \/>\n<span style=\"font-weight: 400;\">Expres\u00f3 que ese tipo de prejuicio es ir\u00f3nico cuando la entidad es reconocida &nbsp;nivel nacional como de las menos desarrolladas en comparaci\u00f3n con otros estados del norte, como Monterrey, Puebla, Quer\u00e9taro e inclusive la Ciudad de M\u00e9xico.<\/span><br \/>\n<span style=\"font-weight: 400;\">Para la realizaci\u00f3n del informe, se trabaj\u00f3 en coordinaci\u00f3n con el Instituto de Estudios Pol\u00edticos Avanzados \u201cIgnacio Manuel Altamirano\u201d (IEPA-IMA) con sede en Acapulco.<\/span><br \/>\n<span style=\"font-weight: 400;\">Seg\u00fan Reyes Reyes, la metodolog\u00eda que se utiliz\u00f3 para desarrollar la investigaci\u00f3n, se basa en la utilizada en la Encuesta Nacional sobre Calidad de la Ciudadan\u00eda en 2013, la cual fue dise\u00f1ada en su momento por el Instituto Federal Electoral, as\u00ed como del \u201cInforme pa\u00eds sobre la calidad de la ciudadan\u00eda en M\u00e9xico\u201d.<\/span><br \/>\n<span style=\"font-weight: 400;\">Otras de las interrogantes que contestar\u00e1 la investigaci\u00f3n, es en relaci\u00f3n a cu\u00e1l es el d\u00e9ficit democr\u00e1tico de los habitantes, por qu\u00e9 los ciudadanos guerrerenses no conf\u00edan en las instituciones, as\u00ed como en qu\u00e9 instituciones conf\u00edan m\u00e1s.<\/span><br \/>\n<span style=\"font-weight: 400;\">Aunque el Instituto Electoral y de Participaci\u00f3n Ciudadana ya cuenta con el documento, a\u00fan no define una fecha para dar a conocer los resultados del Informe Guerrero, el cual es considerado como \u201crevelador\u201d, por tocar temas de inter\u00e9s p\u00fablico, como el nivel de confianza de la poblaci\u00f3n con respecto a los medios de comunicaci\u00f3n.<\/span><\/p>\n","protected":false},"excerpt":{"rendered":"<p>La presidencia del Instituto Electoral y de Participaci\u00f3n Ciudadana (IEPC), anticip\u00f3 que en los pr\u00f3ximos d\u00edas se dar\u00e1 a conocer el \u201cInforme Guerrero\u201d sobre la calidad de la ciudadan\u00eda, el&hellip; <\/p>\n","protected":false},"author":1,"featured_media":0,"comment_status":"open","ping_status":"open","sticky":false,"template":"","format":"standard","meta":{"fifu_image_url":"","fifu_image_alt":"","footnotes":""},"categories":[8,17],"tags":[],"class_list":["post-4368","post","type-post","status-publish","format-standard","hentry","category-featured","category-organos-electorales"],"_links":{"self":[{"href":"https:\/\/www.interaccionnoticias.com.mx\/index.php?rest_route=\/wp\/v2\/posts\/4368","targetHints":{"allow":["GET"]}}],"collection":[{"href":"https:\/\/www.interaccionnoticias.com.mx\/index.php?rest_route=\/wp\/v2\/posts"}],"about":[{"href":"https:\/\/www.interaccionnoticias.com.mx\/index.php?rest_route=\/wp\/v2\/types\/post"}],"author":[{"embeddable":true,"href":"https:\/\/www.interaccionnoticias.com.mx\/index.php?rest_route=\/wp\/v2\/users\/1"}],"replies":[{"embeddable":true,"href":"https:\/\/www.interaccionnoticias.com.mx\/index.php?rest_route=%2Fwp%2Fv2%2Fcomments&post=4368"}],"version-history":[{"count":0,"href":"https:\/\/www.interaccionnoticias.com.mx\/index.php?rest_route=\/wp\/v2\/posts\/4368\/revisions"}],"wp:attachment":[{"href":"https:\/\/www.interaccionnoticias.com.mx\/index.php?rest_route=%2Fwp%2Fv2%2Fmedia&parent=4368"}],"wp:term":[{"taxonomy":"category","embeddable":true,"href":"https:\/\/www.interaccionnoticias.com.mx\/index.php?rest_route=%2Fwp%2Fv2%2Fcategories&post=4368"},{"taxonomy":"post_tag","embeddable":true,"href":"https:\/\/www.interaccionnoticias.com.mx\/index.php?rest_route=%2Fwp%2Fv2%2Ftags&post=4368"}],"curies":[{"name":"wp","href":"https:\/\/api.w.org\/{rel}","templated":true}]}}