{"id":4363,"date":"2017-05-16T21:42:21","date_gmt":"2017-05-17T02:42:21","guid":{"rendered":"http:\/\/www.inter-accion.com.mx\/?p=4363"},"modified":"2017-05-16T21:42:21","modified_gmt":"2017-05-17T02:42:21","slug":"alcalde-de-chilpancingo-considera-urgente-legislar-para-regular-a-las-autodefensas","status":"publish","type":"post","link":"https:\/\/www.interaccionnoticias.com.mx\/?p=4363","title":{"rendered":"Alcalde de Chilpancingo considera urgente legislar para regular a las autodefensas"},"content":{"rendered":"<p><span style=\"font-weight: 400;\">*Para no estar solo conteniendo las confrontaciones internas<\/span><br \/>\n&nbsp;<br \/>\n<span style=\"font-weight: 400;\">El alcalde Marco Antonio Leyva Mena consider\u00f3 urgente que el Congreso local apruebe las adecuaciones a la Ley 701, para que haya certeza en torno a la situaci\u00f3n legal de las autodefensas que operan en el valle del Ocotito y Tierra Colorada, en el municipio de Chilpancingo.<\/span><br \/>\n<span style=\"font-weight: 400;\">Ante la tensi\u00f3n que se ha generado en los \u00faltimos d\u00edas, a partir del pleito que sostienen la Uni\u00f3n de Pueblos y Organizaciones del Estado de Guerrero (UPOEG) y el Frente Unido por la Seguridad y el Desarrollo Social del Estado (FUSDEG) por el control del corredor geogr\u00e1fico que va de Chilpancingo hacia el puerto de Acapulco, el presidente municipal de Chilpancingo consider\u00f3 importante que cada una de las instancias asuma su responsabilidad.<\/span><br \/>\n<span style=\"font-weight: 400;\">En la conferencia de los martes, el jefe de cabildo consider\u00f3 que existe una l\u00ednea muy delgada en torno a la actuaci\u00f3n de las autodefensas cuando surgen para combatir a la delincuencia organizada, pero esta se rompe cuando se entra en el terreno del uso de armas de grueso calibre, adem\u00e1s de la comisi\u00f3n de conductas que trastocan los derechos de las personas.<\/span><br \/>\n<span style=\"font-weight: 400;\">Leyva Mena explic\u00f3 que en los pr\u00f3ximos d\u00edas, su administraci\u00f3n presentar\u00e1 diez puntos estrat\u00e9gicos que considera, deben aplicarse para manejar adecuadamente el tema de las autodefensas.<\/span><br \/>\n<span style=\"font-weight: 400;\">Agreg\u00f3 que por la situaci\u00f3n que prevalece en el estado, no se pueden evadir las responsabilidades que tiene cada instancia, de ah\u00ed que insista en que el Congreso legisle todo lo relacionado con la Ley 701, para que haya certeza respecto a la situaci\u00f3n legal de la UPOEG y del FUSDEG.<\/span><br \/>\n<span style=\"font-weight: 400;\">Coment\u00f3 que ha dialogado sobre el tema con los comisarios de los pueblos en que existen grupos de civiles armados, ellos le han dicho que se acercan a ellos para tener una fuerza coadyuvante en el tema de la seguridad p\u00fablica, pero en muchas ocasiones se ven rebasadas.<\/span><br \/>\n<span style=\"font-weight: 400;\">En consecuencia, indic\u00f3 que mientras no haya una legislaci\u00f3n clara sobre el tema, los municipios solamente estar\u00e1n realizando un trabajo de contenci\u00f3n, sin una definici\u00f3n contundente ante grupos que en ocasiones sostienen enfrentamientos de consecuencias muy graves, como actualmente sucede en el Ocotito.<\/span><\/p>\n","protected":false},"excerpt":{"rendered":"<p>*Para no estar solo conteniendo las confrontaciones internas &nbsp; El alcalde Marco Antonio Leyva Mena consider\u00f3 urgente que el Congreso local apruebe las adecuaciones a la Ley 701, para que&hellip; <\/p>\n","protected":false},"author":1,"featured_media":0,"comment_status":"open","ping_status":"open","sticky":false,"template":"","format":"standard","meta":{"fifu_image_url":"","fifu_image_alt":"","footnotes":""},"categories":[13,8],"tags":[],"class_list":["post-4363","post","type-post","status-publish","format-standard","hentry","category-capital","category-featured"],"_links":{"self":[{"href":"https:\/\/www.interaccionnoticias.com.mx\/index.php?rest_route=\/wp\/v2\/posts\/4363","targetHints":{"allow":["GET"]}}],"collection":[{"href":"https:\/\/www.interaccionnoticias.com.mx\/index.php?rest_route=\/wp\/v2\/posts"}],"about":[{"href":"https:\/\/www.interaccionnoticias.com.mx\/index.php?rest_route=\/wp\/v2\/types\/post"}],"author":[{"embeddable":true,"href":"https:\/\/www.interaccionnoticias.com.mx\/index.php?rest_route=\/wp\/v2\/users\/1"}],"replies":[{"embeddable":true,"href":"https:\/\/www.interaccionnoticias.com.mx\/index.php?rest_route=%2Fwp%2Fv2%2Fcomments&post=4363"}],"version-history":[{"count":0,"href":"https:\/\/www.interaccionnoticias.com.mx\/index.php?rest_route=\/wp\/v2\/posts\/4363\/revisions"}],"wp:attachment":[{"href":"https:\/\/www.interaccionnoticias.com.mx\/index.php?rest_route=%2Fwp%2Fv2%2Fmedia&parent=4363"}],"wp:term":[{"taxonomy":"category","embeddable":true,"href":"https:\/\/www.interaccionnoticias.com.mx\/index.php?rest_route=%2Fwp%2Fv2%2Fcategories&post=4363"},{"taxonomy":"post_tag","embeddable":true,"href":"https:\/\/www.interaccionnoticias.com.mx\/index.php?rest_route=%2Fwp%2Fv2%2Ftags&post=4363"}],"curies":[{"name":"wp","href":"https:\/\/api.w.org\/{rel}","templated":true}]}}