{"id":43610,"date":"2022-04-06T13:52:30","date_gmt":"2022-04-06T18:52:30","guid":{"rendered":"https:\/\/interaccionnoticias.com.mx\/?p=43610"},"modified":"2022-04-06T13:52:31","modified_gmt":"2022-04-06T18:52:31","slug":"encabeza-evelyn-salgado-la-mesa-de-coordinacion-para-la-construccion-de-la-paz","status":"publish","type":"post","link":"https:\/\/www.interaccionnoticias.com.mx\/?p=43610","title":{"rendered":"Encabeza Evelyn Salgado la Mesa de Coordinaci\u00f3n para la Construcci\u00f3n de la Paz"},"content":{"rendered":"\n<p><strong><em>&#8212; Exhortan a la poblaci\u00f3n a coadyuvar en la prevenci\u00f3n de incendios forestales<br>&#8212; Guerrero en el lugar 31 a nivel nacional en contagios Covid-19<\/em><\/strong><\/p>\n\n\n\n<p><strong>Chilpancingo, Gro., 06 de abril de 2022.-<\/strong> La gobernadora Evelyn Salgado Pineda encabez\u00f3 la sesi\u00f3n de la Mesa de Coordinaci\u00f3n para la Construcci\u00f3n de la Paz en Guerrero, en la que junto a autoridades civiles y de las Fuerzas Armadas dieron seguimiento a la incidencia delictiva registrada en las \u00faltimas 24\/horas en las siete regiones de la entidad.<\/p>\n\n\n\n<p>Durante la reuni\u00f3n, la Secretar\u00eda de Protecci\u00f3n Civil Guerrero y la Comisi\u00f3n Nacional Forestal, dieron a conocer las acciones de reforzamiento que se realizan en la atenci\u00f3n de incendios forestales durante la presente temporada.<\/p>\n\n\n\n<p>En ese sentido, reiteraron el llamado a la poblaci\u00f3n para coadyuvar en la prevenci\u00f3n de los siniestros que destruyen la flora y fauna.<\/p>\n\n\n\n<p>Por su parte, el subsecretario de Prevenci\u00f3n de Enfermedades, Jes\u00fas Ulises Adame, inform\u00f3 que contin\u00faan disminuyendo los contagios por COVID-19.<\/p>\n\n\n\n<p>Destac\u00f3 que Guerrero descendi\u00f3 al lugar n\u00famero 31 a nivel nacional al contar s\u00f3lo con 10 municipios que presentan casos activos.<\/p>\n","protected":false},"excerpt":{"rendered":"<p>&#8212; Exhortan a la poblaci\u00f3n a coadyuvar en la prevenci\u00f3n de incendios forestales&#8212; Guerrero en el lugar 31 a nivel nacional en contagios Covid-19 Chilpancingo, Gro., 06 de abril de&hellip; <\/p>\n","protected":false},"author":19,"featured_media":43611,"comment_status":"open","ping_status":"open","sticky":false,"template":"","format":"standard","meta":{"fifu_image_url":"","fifu_image_alt":"","footnotes":""},"categories":[27],"tags":[],"class_list":["post-43610","post","type-post","status-publish","format-standard","has-post-thumbnail","hentry","category-seguridad-publica"],"_links":{"self":[{"href":"https:\/\/www.interaccionnoticias.com.mx\/index.php?rest_route=\/wp\/v2\/posts\/43610","targetHints":{"allow":["GET"]}}],"collection":[{"href":"https:\/\/www.interaccionnoticias.com.mx\/index.php?rest_route=\/wp\/v2\/posts"}],"about":[{"href":"https:\/\/www.interaccionnoticias.com.mx\/index.php?rest_route=\/wp\/v2\/types\/post"}],"author":[{"embeddable":true,"href":"https:\/\/www.interaccionnoticias.com.mx\/index.php?rest_route=\/wp\/v2\/users\/19"}],"replies":[{"embeddable":true,"href":"https:\/\/www.interaccionnoticias.com.mx\/index.php?rest_route=%2Fwp%2Fv2%2Fcomments&post=43610"}],"version-history":[{"count":1,"href":"https:\/\/www.interaccionnoticias.com.mx\/index.php?rest_route=\/wp\/v2\/posts\/43610\/revisions"}],"predecessor-version":[{"id":43612,"href":"https:\/\/www.interaccionnoticias.com.mx\/index.php?rest_route=\/wp\/v2\/posts\/43610\/revisions\/43612"}],"wp:featuredmedia":[{"embeddable":true,"href":"https:\/\/www.interaccionnoticias.com.mx\/index.php?rest_route=\/wp\/v2\/media\/43611"}],"wp:attachment":[{"href":"https:\/\/www.interaccionnoticias.com.mx\/index.php?rest_route=%2Fwp%2Fv2%2Fmedia&parent=43610"}],"wp:term":[{"taxonomy":"category","embeddable":true,"href":"https:\/\/www.interaccionnoticias.com.mx\/index.php?rest_route=%2Fwp%2Fv2%2Fcategories&post=43610"},{"taxonomy":"post_tag","embeddable":true,"href":"https:\/\/www.interaccionnoticias.com.mx\/index.php?rest_route=%2Fwp%2Fv2%2Ftags&post=43610"}],"curies":[{"name":"wp","href":"https:\/\/api.w.org\/{rel}","templated":true}]}}