{"id":43593,"date":"2022-04-05T22:41:55","date_gmt":"2022-04-06T03:41:55","guid":{"rendered":"https:\/\/interaccionnoticias.com.mx\/?p=43593"},"modified":"2022-04-05T22:42:00","modified_gmt":"2022-04-06T03:42:00","slug":"con-severas-complicaciones-pero-se-mantiene-el-precio-de-la-tortilla-abdon-hernandez","status":"publish","type":"post","link":"https:\/\/www.interaccionnoticias.com.mx\/?p=43593","title":{"rendered":"Con severas complicaciones pero se mantiene el precio de la tortilla: Abd\u00f3n Hern\u00e1ndez"},"content":{"rendered":"\n<p><strong>Rosario Garc\u00eda Orozco<\/strong><\/p>\n\n\n\n<p><strong>Chilpancingo, Gro., 5 de abril del 2022.-<\/strong> A pesar de que la situaci\u00f3n para los empresarios de la masa y la tortilla ha sido severa para su econom\u00eda, los integrantes de ese sector no han incrementado el precio de ese producto, que es b\u00e1sico en la alimentaci\u00f3n de los guerrerenses.<\/p>\n\n\n\n<p>As\u00ed lo inform\u00f3 el dirigente en la zona Centro de los Industriales de la Masa y la Tortilla, Abd\u00f3n Hern\u00e1ndez Olvera, quien agreg\u00f3 que el precio de la tortilla en Chilpancingo se mantendr\u00e1 entre 22 y 24 pesos el kilogramo.<\/p>\n\n\n\n<p>Sostuvo que la raz\u00f3n para mantener el precio del kilo de la tortilla es porque cuando menos en Chilpancingo todav\u00eda hay ma\u00edz de la producci\u00f3n local, aunque reconoci\u00f3 que ya hay preocupaci\u00f3n porque ya empez\u00f3 a subir el precio del grano.<\/p>\n\n\n\n<p>Explic\u00f3 que en la capital, la tonelada de ma\u00edz todav\u00eda se compra en alrededor de siete mil pesos, aunque reconoci\u00f3 que podr\u00eda incrementar en los pr\u00f3ximos d\u00edas, lo cual depender\u00e1 de la producci\u00f3n local.<\/p>\n\n\n\n<p>Mientras que en Acapulco, la tonelada de ma\u00edz oscila entre los siete mil 600 pesos y los ocho mil pesos, por lo que la tortilla tiene un precio m\u00e1s elevado.<\/p>\n\n\n\n<p>Mencion\u00f3 que afortunadamente a estas alturas del a\u00f1o todav\u00eda hay ma\u00edz del que se produce en Guerrero, lo cual de alguna manera ha ayudado a estabilizar o mantener el precio del kilo de la tortilla, y ejemplific\u00f3 que en Estados como Sonora y Baja California, el costo de este producto se encuentra hasta en 28 pesos.<\/p>\n\n\n\n<p>Se\u00f1al\u00f3 que hasta el momento, los empresarios de la masa y la tortilla de la entidad todav\u00eda no se ven en la necesidad de traer ma\u00edz de estados como Sinaloa y Jalisco, lo cual en cualquier momento puede suceder si es que se termina la producci\u00f3n local.<\/p>\n\n\n\n<p>Hern\u00e1ndez Olvera lament\u00f3 asimismo que la empresa Seguridad Alimentaria Mexicana (Segalmex), que es un Organismo P\u00fablico Descentralizado de la Secretar\u00eda de Agricultura y Desarrollo Rural (Sader) del gobierno federal, haya decidido definitivamente no venderle ma\u00edz a los empresarios de la masa y la tortilla del estado, lo cual habr\u00eda ayudado a mantener con menos dificultad el precio del kilo de la tortilla.<\/p>\n\n\n\n<p>Record\u00f3 que Segalmex compr\u00f3 el ma\u00edz a los campesinos de Guerrero, a seis mil 500 pesos la tonelada, pero critic\u00f3 el hecho de que se niegue a venderles el grano a los empresarios tortilleros cuando en sus bodegas todav\u00eda tienen alrededor de 80 mil toneladas.<\/p>\n","protected":false},"excerpt":{"rendered":"<p>Rosario Garc\u00eda Orozco Chilpancingo, Gro., 5 de abril del 2022.- A pesar de que la situaci\u00f3n para los empresarios de la masa y la tortilla ha sido severa para su&hellip; <\/p>\n","protected":false},"author":14,"featured_media":43594,"comment_status":"open","ping_status":"open","sticky":false,"template":"","format":"standard","meta":{"fifu_image_url":"","fifu_image_alt":"","footnotes":""},"categories":[29],"tags":[],"class_list":["post-43593","post","type-post","status-publish","format-standard","has-post-thumbnail","hentry","category-sociedad"],"_links":{"self":[{"href":"https:\/\/www.interaccionnoticias.com.mx\/index.php?rest_route=\/wp\/v2\/posts\/43593","targetHints":{"allow":["GET"]}}],"collection":[{"href":"https:\/\/www.interaccionnoticias.com.mx\/index.php?rest_route=\/wp\/v2\/posts"}],"about":[{"href":"https:\/\/www.interaccionnoticias.com.mx\/index.php?rest_route=\/wp\/v2\/types\/post"}],"author":[{"embeddable":true,"href":"https:\/\/www.interaccionnoticias.com.mx\/index.php?rest_route=\/wp\/v2\/users\/14"}],"replies":[{"embeddable":true,"href":"https:\/\/www.interaccionnoticias.com.mx\/index.php?rest_route=%2Fwp%2Fv2%2Fcomments&post=43593"}],"version-history":[{"count":1,"href":"https:\/\/www.interaccionnoticias.com.mx\/index.php?rest_route=\/wp\/v2\/posts\/43593\/revisions"}],"predecessor-version":[{"id":43595,"href":"https:\/\/www.interaccionnoticias.com.mx\/index.php?rest_route=\/wp\/v2\/posts\/43593\/revisions\/43595"}],"wp:featuredmedia":[{"embeddable":true,"href":"https:\/\/www.interaccionnoticias.com.mx\/index.php?rest_route=\/wp\/v2\/media\/43594"}],"wp:attachment":[{"href":"https:\/\/www.interaccionnoticias.com.mx\/index.php?rest_route=%2Fwp%2Fv2%2Fmedia&parent=43593"}],"wp:term":[{"taxonomy":"category","embeddable":true,"href":"https:\/\/www.interaccionnoticias.com.mx\/index.php?rest_route=%2Fwp%2Fv2%2Fcategories&post=43593"},{"taxonomy":"post_tag","embeddable":true,"href":"https:\/\/www.interaccionnoticias.com.mx\/index.php?rest_route=%2Fwp%2Fv2%2Ftags&post=43593"}],"curies":[{"name":"wp","href":"https:\/\/api.w.org\/{rel}","templated":true}]}}