{"id":43590,"date":"2022-04-05T22:36:22","date_gmt":"2022-04-06T03:36:22","guid":{"rendered":"https:\/\/interaccionnoticias.com.mx\/?p=43590"},"modified":"2022-04-05T22:36:27","modified_gmt":"2022-04-06T03:36:27","slug":"las-diferentes-posiciones-entre-la-sociedad-en-torno-a-la-legalizacion-del-aborto-frena-el-avance-de-ese-proceso-legislativo","status":"publish","type":"post","link":"https:\/\/www.interaccionnoticias.com.mx\/?p=43590","title":{"rendered":"Las diferentes posiciones entre la sociedad en torno a la legalizaci\u00f3n del aborto, frena el avance de ese proceso legislativo"},"content":{"rendered":"\n<p><strong>Rosario Garc\u00eda Orozco<\/strong><\/p>\n\n\n\n<p><strong>Chilpancingo, Gro., 5 de ab<\/strong>ril del 2022.- La diputada pri\u00edsta, Julieta Fern\u00e1ndez M\u00e1rquez, inform\u00f3 que los foros y consultas sobre la legalizaci\u00f3n del aborto en Guerrero no se han realizado porque \u201chay gran diversidad de posiciones entre la ciudadan\u00eda\u201d, sobre ese tema, lo que no permite que avance ese proceso legislativo.<\/p>\n\n\n\n<p>Agreg\u00f3 que actualmente el Congreso local procesa otros temas que tienen plazo perentorio, como la consulta a pueblos ind\u00edgenas y afromexicanos, y la Ley Laboral, por lo que los legisladores est\u00e1n concentrados en esos casos.<\/p>\n\n\n\n<p>A principios de este a\u00f1o, tres diputadas de Morena presentaron una iniciativa de reforma al C\u00f3digo Penal del Estado para establecer la interrupci\u00f3n legal del embarazo dentro de las primeras 12 semanas de gestaci\u00f3n, y para que mujeres o adolescentes puedan continuar o interrumpir su embarazo de manera legal y segura, de tal manera que se evite que sean criminalizadas garantizando el acceso a los servicios especializados.<\/p>\n\n\n\n<p>Al respecto Fern\u00e1ndez M\u00e1rquez record\u00f3 que luego de varias protestas generadas por la presentaci\u00f3n de la iniciativa, solicit\u00f3 a la Comisi\u00f3n de Justicia, a cargo del proyecto, realizar foros y consultas, particularmente con especialistas, pero hasta el momento no se han realizado.<\/p>\n\n\n\n<p>Reconoci\u00f3 que los legisladores tienen una deuda con la poblaci\u00f3n porque no hay pol\u00edticas p\u00fablicas para la prevenci\u00f3n de embarazos y para el cuidado de las mujeres que est\u00e1n embarazadas.<\/p>\n\n\n\n<p>Agreg\u00f3 que se necesita primero que los gobiernos de los tres niveles, atiendan principalmente la prevenci\u00f3n y el cuidado de la maternidad.<\/p>\n\n\n\n<p>Explic\u00f3 que en estos momentos est\u00e1n detenidos tanto la iniciativa como la propuesta de los foros, pero insisti\u00f3 en que es importante la opini\u00f3n de la ciudadan\u00eda \u00abporque la promoci\u00f3n del aborto le est\u00e1 restando autoridad a los padres de familia para prevenir el embarazo, sobre todo en adolescentes\u00bb.<\/p>\n\n\n\n<p>Julieta Fern\u00e1ndez insisti\u00f3 en su rechazo a la iniciativa que ahora se encuentra en la Comisi\u00f3n de Justicia porque, \u201cno pone un l\u00edmite de cu\u00e1ntos abortos se pueden realizar en un a\u00f1o, ni a la edad gestacional del beb\u00e9, es decir, se puede abortar a las 12 semanas, pero no hay ninguna sanci\u00f3n despu\u00e9s de las 12 semanas. Eso genera que la mujer corra grave peligro de abortar un ni\u00f1o mayor de 3 meses de embarazo\u201d, insisti\u00f3 la legisladora.<\/p>\n\n\n\n<p>Dijo que el Fondo Monetario Internacional obliga a los gobiernos a realizar pol\u00edticas de aborto y que por eso Am\u00e9rica Latina tiene mucha presi\u00f3n; \u00abvan a tener que generar fondos p\u00fablicos para el aborto y eso genera promoci\u00f3n y una comercializaci\u00f3n del aborto\u201d.<\/p>\n","protected":false},"excerpt":{"rendered":"<p>Rosario Garc\u00eda Orozco Chilpancingo, Gro., 5 de abril del 2022.- La diputada pri\u00edsta, Julieta Fern\u00e1ndez M\u00e1rquez, inform\u00f3 que los foros y consultas sobre la legalizaci\u00f3n del aborto en Guerrero no&hellip; <\/p>\n","protected":false},"author":14,"featured_media":43591,"comment_status":"open","ping_status":"open","sticky":false,"template":"","format":"standard","meta":{"fifu_image_url":"","fifu_image_alt":"","footnotes":""},"categories":[2],"tags":[],"class_list":["post-43590","post","type-post","status-publish","format-standard","has-post-thumbnail","hentry","category-congreso"],"_links":{"self":[{"href":"https:\/\/www.interaccionnoticias.com.mx\/index.php?rest_route=\/wp\/v2\/posts\/43590","targetHints":{"allow":["GET"]}}],"collection":[{"href":"https:\/\/www.interaccionnoticias.com.mx\/index.php?rest_route=\/wp\/v2\/posts"}],"about":[{"href":"https:\/\/www.interaccionnoticias.com.mx\/index.php?rest_route=\/wp\/v2\/types\/post"}],"author":[{"embeddable":true,"href":"https:\/\/www.interaccionnoticias.com.mx\/index.php?rest_route=\/wp\/v2\/users\/14"}],"replies":[{"embeddable":true,"href":"https:\/\/www.interaccionnoticias.com.mx\/index.php?rest_route=%2Fwp%2Fv2%2Fcomments&post=43590"}],"version-history":[{"count":1,"href":"https:\/\/www.interaccionnoticias.com.mx\/index.php?rest_route=\/wp\/v2\/posts\/43590\/revisions"}],"predecessor-version":[{"id":43592,"href":"https:\/\/www.interaccionnoticias.com.mx\/index.php?rest_route=\/wp\/v2\/posts\/43590\/revisions\/43592"}],"wp:featuredmedia":[{"embeddable":true,"href":"https:\/\/www.interaccionnoticias.com.mx\/index.php?rest_route=\/wp\/v2\/media\/43591"}],"wp:attachment":[{"href":"https:\/\/www.interaccionnoticias.com.mx\/index.php?rest_route=%2Fwp%2Fv2%2Fmedia&parent=43590"}],"wp:term":[{"taxonomy":"category","embeddable":true,"href":"https:\/\/www.interaccionnoticias.com.mx\/index.php?rest_route=%2Fwp%2Fv2%2Fcategories&post=43590"},{"taxonomy":"post_tag","embeddable":true,"href":"https:\/\/www.interaccionnoticias.com.mx\/index.php?rest_route=%2Fwp%2Fv2%2Ftags&post=43590"}],"curies":[{"name":"wp","href":"https:\/\/api.w.org\/{rel}","templated":true}]}}