{"id":43579,"date":"2022-04-05T20:32:32","date_gmt":"2022-04-06T01:32:32","guid":{"rendered":"https:\/\/interaccionnoticias.com.mx\/?p=43579"},"modified":"2022-04-05T20:32:37","modified_gmt":"2022-04-06T01:32:37","slug":"marchan-por-la-libertad-de-kenia","status":"publish","type":"post","link":"https:\/\/www.interaccionnoticias.com.mx\/?p=43579","title":{"rendered":"Marchan por la Libertad de Kenia"},"content":{"rendered":"\n<p><strong><em>&#8212; Acusada en nueve carpetas de investigaci\u00f3n por diversos delitos<br>&#8212; Enfrenta dos procesos de sentencia<\/em><\/strong><\/p>\n\n\n\n<p><strong>Javier Trujillo<\/strong><\/p>\n\n\n\n<p><strong>Acapulco, Gro.-<\/strong> M\u00e1s de medio centenar de integrantes del \u00abComit\u00e9 por la Libertad de Kenia\u00bb, marcharon en la costera Miguel Alem\u00e1n, exigiendo la libertad de Kenia Hern\u00e1ndez, detenida en el penal de m\u00e1xima seguridad del estado de Morelos.<\/p>\n\n\n\n<p>\u00abKenia est\u00e1 enfrentando proceso de criminalizaci\u00f3n por su ejercicio de protesta. Lleva dos procesos en el Estado de M\u00e9xico, que ya tiene una sentencia que juntas suman una sentencia de 21 a\u00f1os con nueve meses y cerca de cien mil pesos de reparaci\u00f3n de da\u00f1os\u00bb, explico Yanely Fuentes, quien encabeza la marcha pidiendo la libertad de la ind\u00edgena amuzga.<\/p>\n\n\n\n<p>Durante manifestaci\u00f3n de protesta, los integrantes del colectivo, visten playeras moradas llevaban en la marcha lonas y fotograf\u00edas de Kenia Hern\u00e1ndez.<\/p>\n\n\n\n<p>La dirigente del colectivo Zapata Vive, fue detenida en el 2020, por el delito de robo con violencia, y se indica que tiene abiertas nueve carpetas de investigaci\u00f3n en cuatro estados del pa\u00eds.<\/p>\n\n\n\n<p>Los manifestantes, bloquean los cuatro carriles de la v\u00eda tur\u00edstica en el sentido Base a Caleta, y concluir\u00e1n su marcha en el Asta Bandera.<\/p>\n\n\n\n<p>Agentes de la Secretaria de Seguridad P\u00fablica, y la Polic\u00eda Vial de Acapulco, desplegaron un operativo en contra flujo para aliviar el tr\u00e1fico veh\u00edcular en la costera.<\/p>\n\n\n\n<p>En tanto los manifestantes avanzan bajo los inclementes rayos del sol y lanzando consignas contra el gobierno federal, acusan que pretenden desaparecer las organizaciones sociales.<\/p>\n\n\n\n<p>\u00abAlto a la criminalizaci\u00f3n de los defensores de DDHH, #KeniaLibre y #NoSoySumisa\u00bb, \u00abKenia, presa pol\u00edtica\u00bb, \u00abJusticia para Arnulfo Cer\u00f3n\u00bb, entre otros reclamos.<\/p>\n\n\n\n<p>Se indica que a la promotora guerrerense del Colectivo Zapata Vive, Hern\u00e1ndez Montalv\u00e1n, se le imputan nueve delitos.<\/p>\n\n\n\n<p>\u00abEl estado de Guerrero tiene una deuda con Kenia, porque es desplazada del estado de Guerrero, perseguida pol\u00edtica por el gobierno de H\u00e9ctor Astudillo, y amenazada por grupos criminales de la UPOEG.<\/p>\n\n\n\n<p>\u00abAcogida al mecanismo federal de protecci\u00f3n para personas defensoras de derechos humanos y periodista y ese mismo mecanismo entrego informaci\u00f3n reservada de Kenia a la empresa que la acusa y fue utilizada en su contra\u00bb, remarc\u00f3 Yanely Fuentes.<\/p>\n","protected":false},"excerpt":{"rendered":"<p>&#8212; Acusada en nueve carpetas de investigaci\u00f3n por diversos delitos&#8212; Enfrenta dos procesos de sentencia Javier Trujillo Acapulco, Gro.- M\u00e1s de medio centenar de integrantes del \u00abComit\u00e9 por la Libertad&hellip; <\/p>\n","protected":false},"author":3,"featured_media":43580,"comment_status":"open","ping_status":"open","sticky":false,"template":"","format":"standard","meta":{"fifu_image_url":"","fifu_image_alt":"","footnotes":""},"categories":[15],"tags":[],"class_list":["post-43579","post","type-post","status-publish","format-standard","has-post-thumbnail","hentry","category-movimientos-sociales"],"_links":{"self":[{"href":"https:\/\/www.interaccionnoticias.com.mx\/index.php?rest_route=\/wp\/v2\/posts\/43579","targetHints":{"allow":["GET"]}}],"collection":[{"href":"https:\/\/www.interaccionnoticias.com.mx\/index.php?rest_route=\/wp\/v2\/posts"}],"about":[{"href":"https:\/\/www.interaccionnoticias.com.mx\/index.php?rest_route=\/wp\/v2\/types\/post"}],"author":[{"embeddable":true,"href":"https:\/\/www.interaccionnoticias.com.mx\/index.php?rest_route=\/wp\/v2\/users\/3"}],"replies":[{"embeddable":true,"href":"https:\/\/www.interaccionnoticias.com.mx\/index.php?rest_route=%2Fwp%2Fv2%2Fcomments&post=43579"}],"version-history":[{"count":1,"href":"https:\/\/www.interaccionnoticias.com.mx\/index.php?rest_route=\/wp\/v2\/posts\/43579\/revisions"}],"predecessor-version":[{"id":43581,"href":"https:\/\/www.interaccionnoticias.com.mx\/index.php?rest_route=\/wp\/v2\/posts\/43579\/revisions\/43581"}],"wp:featuredmedia":[{"embeddable":true,"href":"https:\/\/www.interaccionnoticias.com.mx\/index.php?rest_route=\/wp\/v2\/media\/43580"}],"wp:attachment":[{"href":"https:\/\/www.interaccionnoticias.com.mx\/index.php?rest_route=%2Fwp%2Fv2%2Fmedia&parent=43579"}],"wp:term":[{"taxonomy":"category","embeddable":true,"href":"https:\/\/www.interaccionnoticias.com.mx\/index.php?rest_route=%2Fwp%2Fv2%2Fcategories&post=43579"},{"taxonomy":"post_tag","embeddable":true,"href":"https:\/\/www.interaccionnoticias.com.mx\/index.php?rest_route=%2Fwp%2Fv2%2Ftags&post=43579"}],"curies":[{"name":"wp","href":"https:\/\/api.w.org\/{rel}","templated":true}]}}