{"id":43485,"date":"2022-04-04T12:11:27","date_gmt":"2022-04-04T17:11:27","guid":{"rendered":"https:\/\/interaccionnoticias.com.mx\/?p=43485"},"modified":"2022-04-04T12:11:32","modified_gmt":"2022-04-04T17:11:32","slug":"no-hubo-piso-parejo-en-la-contienda-para-renovar-la-dirigencia-del-pri-denuncia-mario-moreno","status":"publish","type":"post","link":"https:\/\/www.interaccionnoticias.com.mx\/?p=43485","title":{"rendered":"No hubo piso parejo en la contienda para renovar la dirigencia del PRI, denuncia Mario Moreno"},"content":{"rendered":"\n<p><strong>Rosario Garc\u00eda Orozco<\/strong><\/p>\n\n\n\n<p><strong>Chilpancingo, Gro., 4 de abril del 2022.-<\/strong> No hubo piso parejo para participar en la contienda por la dirigencia estatal del Partido Revolucionario Institucional, declar\u00f3 Mario Moreno Arcos.<\/p>\n\n\n\n<p>\u00abNo hay condiciones para participar\u00bb, en la elecci\u00f3n para la renovaci\u00f3n de la dirigencia estatal del Revolucionario Institucional, dijo el dos veces alcalde de Chilpancingo.<\/p>\n\n\n\n<p>A trav\u00e9s de un video que difundi\u00f3 en sus redes sociales la ma\u00f1ana de este lunes, Moreno Arcos<br>explic\u00f3 que la desici\u00f3n la tom\u00f3 \u00abdespu\u00e9s de muchos d\u00edas de valorar los pros y los contras, de medir consecuencias e impacto de no participar\u00bb en la contienda por la dirigencia del PRI estatal.<\/p>\n\n\n\n<p>\u00abQuiero ser muy claro, no soy ni ser\u00e9 nunca un ingrato, pero la \u00fanica alternativa es la de retirarme con dignidad y respeto a m\u00ed mismo y hacia todas y todos quienes confiaron en m\u00ed\u00bb, dijo en su mensaje.<\/p>\n\n\n\n<p>Agreg\u00f3 que tampoco ser\u00e1 factor de divisi\u00f3n \u00abporque el PRI me postul\u00f3 como candidato en una elecci\u00f3n en la que tuve el privilegio de encabezar un proyecto tan importante como la gubernatura de mi querido estado\u00bb.<\/p>\n\n\n\n<p>Hizo menci\u00f3n de que en esa contienda represent\u00f3 a dos institutos pol\u00edticos: el PRI y el PRD, por lo que tambi\u00e9n agradeci\u00f3 a la militancia perredista su solidaridad y apoyo, y al Revolucionario Institucional \u00abmi casa desde siempre, le reitero mi determinaci\u00f3n de retirarme de la contienda actual con la satisfacci\u00f3n de un trabajo, que no es de ahora, sino de siempre\u00bb.<\/p>\n\n\n\n<p>Record\u00f3: \u00abson muchos a\u00f1os de honrar al PRI, picando piedra desde abajo, con emoci\u00f3n y seriedad, siempre para dar los mejores resultados\u00bb.<\/p>\n\n\n\n<p>Insisti\u00f3: \u00aben que la \u00fanica alternativa digna es retirarme\u00bb, y agreg\u00f3 que seguir\u00e1 trabajando en canales s\u00f3lidos \u00abcon el respaldo de mucha gente que me fortalece y obliga\u00bb.<\/p>\n\n\n\n<p>Finalmente se\u00f1ala que \u00abhay nuevos derroteros y nuevas alternativas\u00bb, adem\u00e1s \u00abel mundo no se acaba y hoy es el momento de demostrar de qu\u00e9 estamos hechos\u00bb.<\/p>\n","protected":false},"excerpt":{"rendered":"<p>Rosario Garc\u00eda Orozco Chilpancingo, Gro., 4 de abril del 2022.- No hubo piso parejo para participar en la contienda por la dirigencia estatal del Partido Revolucionario Institucional, declar\u00f3 Mario Moreno&hellip; <\/p>\n","protected":false},"author":14,"featured_media":43486,"comment_status":"open","ping_status":"open","sticky":false,"template":"","format":"standard","meta":{"fifu_image_url":"","fifu_image_alt":"","footnotes":""},"categories":[18],"tags":[],"class_list":["post-43485","post","type-post","status-publish","format-standard","has-post-thumbnail","hentry","category-partidos-politicos"],"_links":{"self":[{"href":"https:\/\/www.interaccionnoticias.com.mx\/index.php?rest_route=\/wp\/v2\/posts\/43485","targetHints":{"allow":["GET"]}}],"collection":[{"href":"https:\/\/www.interaccionnoticias.com.mx\/index.php?rest_route=\/wp\/v2\/posts"}],"about":[{"href":"https:\/\/www.interaccionnoticias.com.mx\/index.php?rest_route=\/wp\/v2\/types\/post"}],"author":[{"embeddable":true,"href":"https:\/\/www.interaccionnoticias.com.mx\/index.php?rest_route=\/wp\/v2\/users\/14"}],"replies":[{"embeddable":true,"href":"https:\/\/www.interaccionnoticias.com.mx\/index.php?rest_route=%2Fwp%2Fv2%2Fcomments&post=43485"}],"version-history":[{"count":1,"href":"https:\/\/www.interaccionnoticias.com.mx\/index.php?rest_route=\/wp\/v2\/posts\/43485\/revisions"}],"predecessor-version":[{"id":43487,"href":"https:\/\/www.interaccionnoticias.com.mx\/index.php?rest_route=\/wp\/v2\/posts\/43485\/revisions\/43487"}],"wp:featuredmedia":[{"embeddable":true,"href":"https:\/\/www.interaccionnoticias.com.mx\/index.php?rest_route=\/wp\/v2\/media\/43486"}],"wp:attachment":[{"href":"https:\/\/www.interaccionnoticias.com.mx\/index.php?rest_route=%2Fwp%2Fv2%2Fmedia&parent=43485"}],"wp:term":[{"taxonomy":"category","embeddable":true,"href":"https:\/\/www.interaccionnoticias.com.mx\/index.php?rest_route=%2Fwp%2Fv2%2Fcategories&post=43485"},{"taxonomy":"post_tag","embeddable":true,"href":"https:\/\/www.interaccionnoticias.com.mx\/index.php?rest_route=%2Fwp%2Fv2%2Ftags&post=43485"}],"curies":[{"name":"wp","href":"https:\/\/api.w.org\/{rel}","templated":true}]}}