{"id":43477,"date":"2022-04-03T22:03:55","date_gmt":"2022-04-04T03:03:55","guid":{"rendered":"https:\/\/interaccionnoticias.com.mx\/?p=43477"},"modified":"2022-04-03T22:04:01","modified_gmt":"2022-04-04T03:04:01","slug":"la-suprema-corte-de-justicia-de-la-nacion-se-reivindica-con-la-justicia","status":"publish","type":"post","link":"https:\/\/www.interaccionnoticias.com.mx\/?p=43477","title":{"rendered":"La Suprema Corte de Justicia de la Naci\u00f3n, se reivindica con la justicia."},"content":{"rendered":"\n<p><strong>Tinta Jur\u00eddica<\/strong><\/p>\n\n\n\n<p><strong><em>Por Dr. Trinidad Zamacona L\u00f3pez.<\/em><\/strong><\/p>\n\n\n\n<p>\u00abEn todos los recursos de impugnaci\u00f3n, lo que se persigue es que se revoque, se confirme o se modifique, la sentencia o resoluci\u00f3n impugnada\u201d<\/p>\n\n\n\n<p>Los que nos dedicamos a litigar diferentes asuntos en los Tribunales del Pa\u00eds, sean federales o del fuero com\u00fan; si las sentencias o resoluciones que estos dicten al final de todo proceso; si no, nos favorecen todos tenemos la oportunidad de impugnar esas sentencias o resoluciones; lo que se busca es que se revise la constitucionalidad, la legalidad y la convencionalidad de esas sentencias o resoluciones; esto es lo que se persigue en todos los recursos que se presentan en dichos \u00f3rganos jurisdiccionales, pero no todo lo resuelve el Poder Judicial de la Federaci\u00f3n, como lo veremos m\u00e1s adelante.<\/p>\n\n\n\n<p>El Poder Judicial de la Federaci\u00f3n, que es la responsable de la Suprema Corte de Justicia de la Nacional, por sus siglas (SCJN) en materia constitucional es la encargada de vigilar que nadie viole la Constituci\u00f3n Pol\u00edtica de los Estados Unidos Mexicanos, lo que normalmente le llamamos la \u201csupremac\u00eda constitucional\u201d ese principio le corresponde a todos los Ministros cuidar y vigilar como \u00faltima instancia para conocer y resolver asuntos que deben de conocer, ya sea por tramite o por atracci\u00f3n, ellos deben de conocer y resolver de fondo; sus resoluciones son inapelables e inatacables.<\/p>\n\n\n\n<p>Seg\u00fan su p\u00e1gina electr\u00f3nica establece que \u201cLa Suprema Corte de Justicia de la Naci\u00f3n es el M\u00e1ximo Tribunal Constitucional del pa\u00eds y cabeza del Poder Judicial de la Federaci\u00f3n. Tiene entre sus responsabilidades defender el orden establecido por la Constituci\u00f3n Pol\u00edtica de los Estados Unidos Mexicanos; mantener el equilibrio entre los distintos Poderes y \u00e1mbitos de gobierno, a trav\u00e9s de las resoluciones judiciales que emite; adem\u00e1s de solucionar, de manera definitiva, asuntos que son de gran importancia para la sociedad. En esa virtud, y toda vez que imparte justicia en el m\u00e1s alto nivel, es decir, el constitucional, no existe en nuestro pa\u00eds autoridad que se encuentre por encima de ella o recurso legal que pueda ejercerse en contra de sus resoluciones\u201d.<\/p>\n\n\n\n<p>La distribuci\u00f3n para defender la legalidad, constitucionalidad y convencionalidad, su \u00e1mbito de competencia esta de la siguiente manera; \u201cEl art\u00edculo 1\u00b0 de su Ley Org\u00e1nica se\u00f1ala que las instancias que lo conforman el Poder Judicial de la Federaci\u00f3n: La Suprema Corte de Justicia de la Naci\u00f3n, El Tribunal Electoral, Los Tribunales Colegiados de Circuito, Los Tribunales Unitarios de Circuito, Los Juzgados de Distrito, El Consejo de la Judicatura Federal\u201d.<\/p>\n\n\n\n<p>La Suprema Corte de Justicia de la Naci\u00f3n y el Tribunal Federal Electoral, son los dos tribunales constitucionales que existen en el pa\u00eds; y para llegar a ser Ministro o Magistrado no puede ser por concurso de popularidad, deben de llegar los m\u00e1s capacitados, para que se garanticen precisamente que la constitucionalidad, la legalidad y la convencionalidad, hablen a trav\u00e9s de las sentencias.<\/p>\n\n\n\n<p>La SCJN tiene los siguientes medios de control constitucionalidad, el amparo, la Controversia Constitucional, la Acci\u00f3n de Inconstitucionalidad; por su parte el TRIFE tiene el Juicio Para la Protecci\u00f3n de los Derechos Pol\u00edticos del Ciudadano, estos corresponden directamente a este poder.<\/p>\n\n\n\n<p>Los otros medios de control, son el Juicio Pol\u00edtico que lo tiene el Poder Legislativo, integrado por la C\u00e1mara de Diputados y la de Senadores; el otro lo tiene la Comisi\u00f3n Nacional de los Derechos Humanos, aunque sus determinaciones no son vinculantes, es bueno saberlo, que investiga las violaciones graves y sistem\u00e1ticas a los derechos humanos; el m\u00e1s reciente la revocaci\u00f3n de mandato, este tambi\u00e9n lo tiene el ciudadano a trav\u00e9s del voto en las urnas.<\/p>\n\n\n\n<p>Ahora bien, la SCJN, ha pasado varias pruebas en esta \u00e9poca, la primera fue que uno de sus miembros, haya renunciado a ser Ministro; usted se preguntar\u00eda como abogado, \u00bfQui\u00e9n siendo Ministro de la Suprema Corte de Justicia de la Naci\u00f3n, renuncia a ese cargo? Pues solo el Ministro Eduardo Medina Mora, lo hizo; habr\u00eda que decir que su renuncia se dio en una pol\u00e9mica por los ingresos econ\u00f3micos que no pod\u00eda comprobar.<\/p>\n\n\n\n<p>Otra prueba que el Poder Judicial de la Federaci\u00f3n, fue el que un decreto emitido por la C\u00e1mara de Diputados, establec\u00eda que el actual Ministro y Presidente de la Suprema Corte de Justicia de la Naci\u00f3n, Arturo Zald\u00edvar Lelo de la Rea, que se ampliara en su cargo dos a\u00f1os m\u00e1s en su cargo; eso trastocaba el art\u00edculo 97 de la Constituci\u00f3n Pol\u00edtica de los Estados Unidos Mexicanos, nuestra m\u00e1xima norma dice cada cuatro a\u00f1os, el Pleno elegir\u00e1 de entre sus miembros al Presidente de la Suprema Corte de Justicia de la Naci\u00f3n, el cual no podr\u00e1 ser reelecto para el per\u00edodo inmediato posterior. Esa fue una prueba de fuego m\u00e1s para poder demostrar que est\u00e1n ah\u00ed para velar por la supremac\u00eda constitucional.<\/p>\n\n\n\n<p>Los constitucionalistas se manifestaron en contra de ese decreto; muchos ciudadanos del pa\u00eds tambi\u00e9n lo ve\u00edan mal, que el propio \u2013Ministro Presidente\u2013 consintiera esa violaci\u00f3n grave a la Constituci\u00f3n Federal; al final el propio letrado dio su punto de vista, y manifest\u00f3 que terminar\u00eda su cargo para el que fue electo y que no se extender\u00eda en el mismo, por ser contrario a la Constituci\u00f3n Pol\u00edtica del pa\u00eds.<\/p>\n\n\n\n<p>Una de las ultimas pruebas y con la que siento que la Suprema Corte de Justicia de la Naci\u00f3n, se reivindica con la justicia en M\u00e9xico, fue el asunto de Alejandro Gertz Manero, contra Laura Moran su cu\u00f1ada y a Alejandra Cuevas; en este caso que resolvi\u00f3 la Suprema Corte de Justicia, el procurador acusaba del homicidio de su hermano Federico Gertz Manero a la pareja de este, Laura Mor\u00e1n, y a la hija, Alejandra Cuevas. Al resolver el asunto de fondo los ministros votaron por unanimidad liberar a Cuevas, que sale de prisi\u00f3n tras a\u00f1o y medio encerrada.<\/p>\n\n\n\n<p>El m\u00e1ximo tribunal judicial del pa\u00eds por unanimidad orden\u00f3 en su sentencia cancelar la orden de aprehensi\u00f3n contra Laura Mor\u00e1n, cu\u00f1ada del fiscal, y liberar inmediatamente a su hija, Alejandra Cuevas, ambas acusadas de provocar la muerte del hermano del procurador. El fallo es un gran golpe al fiscal Alejandro Gertz Manero; quien us\u00f3 todo su poder como fiscal para poder traficar o litigar un asunto personal ante los Ministros de la Suprema Corte de Justicia de la Naci\u00f3n, lo que no est\u00e1 permitido en la propia norma del pa\u00eds.<\/p>\n\n\n\n<p>El fiscal general del pa\u00eds, denunci\u00f3 a las mujeres por homicidio y omisi\u00f3n de cuidados de su hermano, en el 2005, fue una batalla judicial de casi siete a\u00f1os. Federico Gertz, muri\u00f3 en septiembre de 2015 en un hospital a causa de una \u201ccongesti\u00f3n visceral generalizada\u201d producto de una neumon\u00eda y un infarto, de acuerdo al parte m\u00e9dico, y no como lo denuncio el fiscal general del pa\u00eds, por omisi\u00f3n de cuidados; en julio de 2020 un agente adscrito a la Fiscal\u00eda General de la Rep\u00fablica, solicit\u00f3 la orden de aprehensi\u00f3n contra Cuevas y Mor\u00e1n, la primera fue detenida tres meses despu\u00e9s, y la segunda nunca fue aprehendida.<\/p>\n\n\n\n<p>El Ministro \u2013Zald\u00edvar Lelo de la Rea\u2013manifest\u00f3 que \u201cDebemos resolver el fondo del asunto con un estudio en el que analicemos todas las pruebas\u201d; despu\u00e9s de la filtraci\u00f3n de una llamada en la que el fiscal general le\u00eda a su mano derecha el proyecto, que no era p\u00fablico para las partes, y aunque \u00e9l alego que si era v\u00e1lido, lo que no es procesalmente m\u00e1s en estos casos. Con eso se demostraba que el fiscal \u2013Gertz Manero \u2013 hab\u00eda realizado tr\u00e1fico de influencias utiliz\u00f3 su cargo, al tener en sus manos un proyecto, por lo que tuvo un acceso privilegiado al trabajo que realizan los integrantes de la Suprema Corte de Justicia de la Naci\u00f3n, sobre el caso de su familia; por ese motivo los ojos de todo el pa\u00eds estaban en los Ministros y Ministras que integran ese poder; no les quedaba de otra m\u00e1s que resolver conforme a derecho, y as\u00ed fue, por eso se reivindican con la justicia que est\u00e1 en tela de juicio en nuestro pa\u00eds, declararon inexistente el delito por el que se les acusaba por ello quedaron en absoluta libertad.<\/p>\n","protected":false},"excerpt":{"rendered":"<p>Tinta Jur\u00eddica Por Dr. Trinidad Zamacona L\u00f3pez. \u00abEn todos los recursos de impugnaci\u00f3n, lo que se persigue es que se revoque, se confirme o se modifique, la sentencia o resoluci\u00f3n&hellip; <\/p>\n","protected":false},"author":24,"featured_media":39128,"comment_status":"open","ping_status":"open","sticky":false,"template":"","format":"standard","meta":{"fifu_image_url":"","fifu_image_alt":"","footnotes":""},"categories":[16],"tags":[],"class_list":["post-43477","post","type-post","status-publish","format-standard","has-post-thumbnail","hentry","category-opinion"],"_links":{"self":[{"href":"https:\/\/www.interaccionnoticias.com.mx\/index.php?rest_route=\/wp\/v2\/posts\/43477","targetHints":{"allow":["GET"]}}],"collection":[{"href":"https:\/\/www.interaccionnoticias.com.mx\/index.php?rest_route=\/wp\/v2\/posts"}],"about":[{"href":"https:\/\/www.interaccionnoticias.com.mx\/index.php?rest_route=\/wp\/v2\/types\/post"}],"author":[{"embeddable":true,"href":"https:\/\/www.interaccionnoticias.com.mx\/index.php?rest_route=\/wp\/v2\/users\/24"}],"replies":[{"embeddable":true,"href":"https:\/\/www.interaccionnoticias.com.mx\/index.php?rest_route=%2Fwp%2Fv2%2Fcomments&post=43477"}],"version-history":[{"count":1,"href":"https:\/\/www.interaccionnoticias.com.mx\/index.php?rest_route=\/wp\/v2\/posts\/43477\/revisions"}],"predecessor-version":[{"id":43478,"href":"https:\/\/www.interaccionnoticias.com.mx\/index.php?rest_route=\/wp\/v2\/posts\/43477\/revisions\/43478"}],"wp:featuredmedia":[{"embeddable":true,"href":"https:\/\/www.interaccionnoticias.com.mx\/index.php?rest_route=\/wp\/v2\/media\/39128"}],"wp:attachment":[{"href":"https:\/\/www.interaccionnoticias.com.mx\/index.php?rest_route=%2Fwp%2Fv2%2Fmedia&parent=43477"}],"wp:term":[{"taxonomy":"category","embeddable":true,"href":"https:\/\/www.interaccionnoticias.com.mx\/index.php?rest_route=%2Fwp%2Fv2%2Fcategories&post=43477"},{"taxonomy":"post_tag","embeddable":true,"href":"https:\/\/www.interaccionnoticias.com.mx\/index.php?rest_route=%2Fwp%2Fv2%2Ftags&post=43477"}],"curies":[{"name":"wp","href":"https:\/\/api.w.org\/{rel}","templated":true}]}}