{"id":43475,"date":"2022-04-03T21:58:49","date_gmt":"2022-04-04T02:58:49","guid":{"rendered":"https:\/\/interaccionnoticias.com.mx\/?p=43475"},"modified":"2022-04-03T21:58:54","modified_gmt":"2022-04-04T02:58:54","slug":"grupo-parlamentario-del-pri-intensifica-difusion-sobre-la-consulta-a-pueblos-indigenas-y-afromexicanos","status":"publish","type":"post","link":"https:\/\/www.interaccionnoticias.com.mx\/?p=43475","title":{"rendered":"Grupo Parlamentario del PRI intensifica difusi\u00f3n sobre la Consulta a pueblos Ind\u00edgenas y Afromexicanos"},"content":{"rendered":"\n<p><strong><em>El 14 de abril, la fecha fatal impuesta por la SCJN<\/em><\/strong><\/p>\n\n\n\n<p><strong>SNI<\/strong><\/p>\n\n\n\n<p>A pocos d\u00edas de que venza el plazo otorgado por la Suprema Corte de Justicia de la Naci\u00f3n (SCJN), la fracci\u00f3n parlamentaria del PRI intensific\u00f3 el trabajo de difusi\u00f3n respecto a la Consulta sobre Derechos y Cultura de los Pueblos Ind\u00edgenas y Afromexicanos de la entidad.<\/p>\n\n\n\n<p>El fin de semana, la bancada del PRI activ\u00f3 sus redes sociales, principalmente en Facebook, Twitter e Instagram con la consigna \u201cpor una cosulta sin simulaci\u00f3n\u201d.<\/p>\n\n\n\n<p>En los posteos, se cuestiona el por que se hace la consulta, a lo que se responde: \u201cPorque es un derecho de los pueblos ind\u00edgenas y afromexicanos\u201d.<\/p>\n\n\n\n<p>Se habla del derecho a ser consultados y participar en la toma de decisiones sobre las reglas que rigen la vida en comunidad, con la precisi\u00f3n de que dicha consulta debe ser previa, libre, informada, de buena fe y culturalmente adecuada.<\/p>\n\n\n\n<p>De acuerdo con la presidenta de la Mesa Directiva del Congreso, el pr\u00f3ximo 8 de abril se entregar\u00e1 a la Suprema Corte de Justicia de la Naci\u00f3n (SCJN) la informaci\u00f3n relacionada con los trabajos hechos en el contexto de la sentencia emitida respecto al juicio de inconstitucionalidad que deriv\u00f3 de la reforma al art\u00edculo 14 de la Constituci\u00f3n Pol\u00edtica del Estado, as\u00ed como de las leyes 701 y 777.<\/p>\n\n\n\n<p>El t\u00e9rmino establecido por la SCJN vence el 14 de abril pr\u00f3ximo.<\/p>\n\n\n\n<p>Apenas el viernes 1 de abril, la Comisi\u00f3n Nacional de Derechos Humanos (CNDH) emiti\u00f3 un pronunciamiento, en el que dijo que las reuniones realizadas por los diputados de Guerrero, no cumplen con los par\u00e1metros establecidos en la sentencia de la Corte ni en el convenio 169 de la Organizaci\u00f3n Internacional del Trabajo (OIT).<\/p>\n","protected":false},"excerpt":{"rendered":"<p>El 14 de abril, la fecha fatal impuesta por la SCJN SNI A pocos d\u00edas de que venza el plazo otorgado por la Suprema Corte de Justicia de la Naci\u00f3n&hellip; <\/p>\n","protected":false},"author":4,"featured_media":43463,"comment_status":"open","ping_status":"open","sticky":false,"template":"","format":"standard","meta":{"fifu_image_url":"","fifu_image_alt":"","footnotes":""},"categories":[2],"tags":[],"class_list":["post-43475","post","type-post","status-publish","format-standard","has-post-thumbnail","hentry","category-congreso"],"_links":{"self":[{"href":"https:\/\/www.interaccionnoticias.com.mx\/index.php?rest_route=\/wp\/v2\/posts\/43475","targetHints":{"allow":["GET"]}}],"collection":[{"href":"https:\/\/www.interaccionnoticias.com.mx\/index.php?rest_route=\/wp\/v2\/posts"}],"about":[{"href":"https:\/\/www.interaccionnoticias.com.mx\/index.php?rest_route=\/wp\/v2\/types\/post"}],"author":[{"embeddable":true,"href":"https:\/\/www.interaccionnoticias.com.mx\/index.php?rest_route=\/wp\/v2\/users\/4"}],"replies":[{"embeddable":true,"href":"https:\/\/www.interaccionnoticias.com.mx\/index.php?rest_route=%2Fwp%2Fv2%2Fcomments&post=43475"}],"version-history":[{"count":1,"href":"https:\/\/www.interaccionnoticias.com.mx\/index.php?rest_route=\/wp\/v2\/posts\/43475\/revisions"}],"predecessor-version":[{"id":43476,"href":"https:\/\/www.interaccionnoticias.com.mx\/index.php?rest_route=\/wp\/v2\/posts\/43475\/revisions\/43476"}],"wp:featuredmedia":[{"embeddable":true,"href":"https:\/\/www.interaccionnoticias.com.mx\/index.php?rest_route=\/wp\/v2\/media\/43463"}],"wp:attachment":[{"href":"https:\/\/www.interaccionnoticias.com.mx\/index.php?rest_route=%2Fwp%2Fv2%2Fmedia&parent=43475"}],"wp:term":[{"taxonomy":"category","embeddable":true,"href":"https:\/\/www.interaccionnoticias.com.mx\/index.php?rest_route=%2Fwp%2Fv2%2Fcategories&post=43475"},{"taxonomy":"post_tag","embeddable":true,"href":"https:\/\/www.interaccionnoticias.com.mx\/index.php?rest_route=%2Fwp%2Fv2%2Ftags&post=43475"}],"curies":[{"name":"wp","href":"https:\/\/api.w.org\/{rel}","templated":true}]}}