{"id":43473,"date":"2022-04-03T21:55:59","date_gmt":"2022-04-04T02:55:59","guid":{"rendered":"https:\/\/interaccionnoticias.com.mx\/?p=43473"},"modified":"2022-04-03T21:56:04","modified_gmt":"2022-04-04T02:56:04","slug":"la-delegacion-guerrerense-de-charros-que-buscara-participar-en-las-olimpiadas-nacionales-esta-compuesta-por-13-ninos-y-jovenes","status":"publish","type":"post","link":"https:\/\/www.interaccionnoticias.com.mx\/?p=43473","title":{"rendered":"La delegaci\u00f3n guerrerense de charros que buscar\u00e1 participar en las olimpiadas nacionales est\u00e1 compuesta por 13 ni\u00f1os y j\u00f3venes"},"content":{"rendered":"\n<p><strong>Rosario Garc\u00eda Orozco<\/strong><\/p>\n\n\n\n<p><strong>Chilpancingo., Gro., 3 de abril del 2022.-<\/strong> Con pr\u00e1ctica de 2 a 3 horas diarias se preparan 13 ni\u00f1os y j\u00f3venes charros de Guerrero que competir\u00e1n en la eliminatoria regional, con rumbo a la olimpiada nacional que se llevar\u00e1 a cabo en Baja California.<\/p>\n\n\n\n<p>El presidente de la Uni\u00f3n de Asociaciones de Charros de Guerrero, Wilfrido Alvarez record\u00f3 que Guerrero es la sede se la sexta regi\u00f3n de la competencia nacional que incluye a Morelos, Guerrero, Tlaxcala, Ciudad de M\u00e9xico y el IPN, con participantes para las categor\u00edas Infantil B y juvenil.<\/p>\n\n\n\n<p>La eliminatoria regional se llevar\u00e1 a cabo el pr\u00f3ximo 9 de abril, por lo que \u00ablos ni\u00f1os y los j\u00f3venes que van a competir est\u00e1n haciendo su mejor esfuerzo para buscar un lugar en la olimpiada nacional\u00bb.<\/p>\n\n\n\n<p>Wilfrido Alvarez se dijo emocionado por el logro de traer a esta entidad una eliminatoria y ser tomados en cuenta por la uni\u00f3n nacional de charrer\u00eda, encargada de la organizaci\u00f3n de este encuentro del deporte mexicano por excelencia.<\/p>\n\n\n\n<p>Agradeci\u00f3 el respaldo recibido por parte del gobierno del estado a trav\u00e9s de la Secretar\u00eda del Deporte, \u00abporque con sus gestiones fue posible convencer a los organizadores de las olimpiadas y ahora todos estamos haciendo lo propio aqu\u00ed para que el evento sea de lo mejor, y podamos ser unos anfitriones ejemplares, para ser tomados en cuenta para otros encuentros\u00bb.<\/p>\n\n\n\n<p>Consider\u00f3 que Guerrero tiene infraestructura hotelera y de espacios dignos para que alg\u00fan d\u00eda se puedan realizar aqu\u00ed las olimpiadas de Charrer\u00eda, \u00abtenemos puerto, aeropuerto, tenemos la capacidad hotelera, tenemos todo lo necesario para ese tipo de eventos\u00bb.<\/p>\n\n\n\n<p>Por su parte, El\u00edseo Isa\u00ed Bernal S\u00e1nchez, charro competidor de 17 a\u00f1os de edad, refiri\u00f3 que practica de 2 a 3 horas diariamente, y participa en las charreadas para adquirir mayor esperiencia y tener un buen nivel de competencia.<\/p>\n\n\n\n<p>\u00abTengo 5 a\u00f1os practiando la charrer\u00eda, y ahora estoy emocionado por la competencia y con ganas de que las cosas salgan bien\u00bb, dijo el j\u00f3ven charro guerrerense y convoc\u00f3 a m\u00e1s personas a practicar este deporte, \u00ables va a gustar, es un deporte muy bonito\u00bb.<\/p>\n","protected":false},"excerpt":{"rendered":"<p>Rosario Garc\u00eda Orozco Chilpancingo., Gro., 3 de abril del 2022.- Con pr\u00e1ctica de 2 a 3 horas diarias se preparan 13 ni\u00f1os y j\u00f3venes charros de Guerrero que competir\u00e1n en&hellip; <\/p>\n","protected":false},"author":14,"featured_media":43462,"comment_status":"open","ping_status":"open","sticky":false,"template":"","format":"standard","meta":{"fifu_image_url":"","fifu_image_alt":"","footnotes":""},"categories":[29],"tags":[],"class_list":["post-43473","post","type-post","status-publish","format-standard","has-post-thumbnail","hentry","category-sociedad"],"_links":{"self":[{"href":"https:\/\/www.interaccionnoticias.com.mx\/index.php?rest_route=\/wp\/v2\/posts\/43473","targetHints":{"allow":["GET"]}}],"collection":[{"href":"https:\/\/www.interaccionnoticias.com.mx\/index.php?rest_route=\/wp\/v2\/posts"}],"about":[{"href":"https:\/\/www.interaccionnoticias.com.mx\/index.php?rest_route=\/wp\/v2\/types\/post"}],"author":[{"embeddable":true,"href":"https:\/\/www.interaccionnoticias.com.mx\/index.php?rest_route=\/wp\/v2\/users\/14"}],"replies":[{"embeddable":true,"href":"https:\/\/www.interaccionnoticias.com.mx\/index.php?rest_route=%2Fwp%2Fv2%2Fcomments&post=43473"}],"version-history":[{"count":1,"href":"https:\/\/www.interaccionnoticias.com.mx\/index.php?rest_route=\/wp\/v2\/posts\/43473\/revisions"}],"predecessor-version":[{"id":43474,"href":"https:\/\/www.interaccionnoticias.com.mx\/index.php?rest_route=\/wp\/v2\/posts\/43473\/revisions\/43474"}],"wp:featuredmedia":[{"embeddable":true,"href":"https:\/\/www.interaccionnoticias.com.mx\/index.php?rest_route=\/wp\/v2\/media\/43462"}],"wp:attachment":[{"href":"https:\/\/www.interaccionnoticias.com.mx\/index.php?rest_route=%2Fwp%2Fv2%2Fmedia&parent=43473"}],"wp:term":[{"taxonomy":"category","embeddable":true,"href":"https:\/\/www.interaccionnoticias.com.mx\/index.php?rest_route=%2Fwp%2Fv2%2Fcategories&post=43473"},{"taxonomy":"post_tag","embeddable":true,"href":"https:\/\/www.interaccionnoticias.com.mx\/index.php?rest_route=%2Fwp%2Fv2%2Ftags&post=43473"}],"curies":[{"name":"wp","href":"https:\/\/api.w.org\/{rel}","templated":true}]}}