{"id":4347,"date":"2017-05-16T11:36:33","date_gmt":"2017-05-16T16:36:33","guid":{"rendered":"http:\/\/www.inter-accion.com.mx\/?p=4347"},"modified":"2017-05-16T11:36:33","modified_gmt":"2017-05-16T16:36:33","slug":"marchan-periodistas-en-chilpancingo","status":"publish","type":"post","link":"https:\/\/www.interaccionnoticias.com.mx\/?p=4347","title":{"rendered":"Marchan periodistas para exigir justicia"},"content":{"rendered":"<p><br \/>\n<strong>Se plantan en Palacio de Gobierno y la PGR<br \/>\n<\/strong><br \/>\nTrabajadores de diferentes medios de comunicaci\u00f3n marcharon en Chilpancingo para exigir justicia en el asesinato del periodista y escritor Javier Valdez C\u00e1rdenas, quien fue acribillado el mediod\u00eda del lunes en Culiac\u00e1n Sinaloa.<br \/>\nEn la protesta, los reporteros tambi\u00e9n se pronunciaron a favor de que se esclarezca la agresi\u00f3n que sufrieron siete de sus compa\u00f1eros en la regi\u00f3n de la Tierra Caliente, cuando regresaban de cubrir los bloqueos generados por grupos delictivos y fueron detenidos por un centenar de pistoleros, quienes les despojaron de un veh\u00edculo, sus equipos de trabajo y dinero en efectivo. &nbsp;&nbsp;<br \/>\nLos periodistas llegaron de las regiones Centro, Monta\u00f1a, Costa Chica y Grande para concentrarse en la plaza de la Libertad de Expresi\u00f3n, en el centro de Chilpancingo.<br \/>\nComenzaron una caminata que tuvo como primer destino las instalaciones del Palacio de Gobierno y posteriormente la delegaci\u00f3n estatal de la Procuradur\u00eda General de la Rep\u00fablica (PGR).<br \/>\nEn las consignas y mensajes dirigidos, los reporteros demandaron a los tres niveles de gobierno, que haya las garant\u00edas necesarias para realizar su trabajo informativo, habida cuenta de que M\u00e9xico es un pa\u00eds que se asume como democr\u00e1tico.<br \/>\nRecordaron que hasta el momento, la Fiscal\u00eda General del Estado (FGE) no ha emitido resultados concretos en los cr\u00edmenes cometidos contra Francisco Pacheco Beltr\u00e1n, en marzo de 2016 y Cecilio Pineda Birto, en abril pasado.<br \/>\nPacheco Beltr\u00e1n se desempe\u00f1aba como reportero de radio en Taxco, municipio ubicado en la regi\u00f3n Norte de Guerrero, en tanto que Pineda Birto trabajaba para varios medios en la Tierra Caliente.<br \/>\nEn ambas regiones se enfrentan serios problemas por la presencia de grupos del crimen organizado.<br \/>\nEn una d\u00e9cada son m\u00e1s de 20 los asesinatos contra comunicadores que se han registrado en al entidad, incluso hay casos de desaparici\u00f3n forzada que hasta el momento no se atienden como se requiere.<br \/>\nTambi\u00e9n hubo protestas en Iguala, ciudad considerada como el principal municipio de la regi\u00f3n Norte y Acapulco.<br \/>\nEn Tierra Caliente y Chilapa no hubo movilizaciones, por el clima de inseguridad que ah\u00ed prevalece.<br \/>\nLa protesta culmin\u00f3 en la delegaci\u00f3n estatal de la PGR, en donde exigieron que el crimen de Javier Valdez se investigue hasta sus \u00faltimas consecuencias. &nbsp;&nbsp;&nbsp;&nbsp;<\/p>\n","protected":false},"excerpt":{"rendered":"<p>Se plantan en Palacio de Gobierno y la PGR Trabajadores de diferentes medios de comunicaci\u00f3n marcharon en Chilpancingo para exigir justicia en el asesinato del periodista y escritor Javier Valdez&hellip; <\/p>\n","protected":false},"author":1,"featured_media":0,"comment_status":"open","ping_status":"open","sticky":false,"template":"","format":"standard","meta":{"fifu_image_url":"","fifu_image_alt":"","footnotes":""},"categories":[8,15],"tags":[],"class_list":["post-4347","post","type-post","status-publish","format-standard","hentry","category-featured","category-movimientos-sociales"],"_links":{"self":[{"href":"https:\/\/www.interaccionnoticias.com.mx\/index.php?rest_route=\/wp\/v2\/posts\/4347","targetHints":{"allow":["GET"]}}],"collection":[{"href":"https:\/\/www.interaccionnoticias.com.mx\/index.php?rest_route=\/wp\/v2\/posts"}],"about":[{"href":"https:\/\/www.interaccionnoticias.com.mx\/index.php?rest_route=\/wp\/v2\/types\/post"}],"author":[{"embeddable":true,"href":"https:\/\/www.interaccionnoticias.com.mx\/index.php?rest_route=\/wp\/v2\/users\/1"}],"replies":[{"embeddable":true,"href":"https:\/\/www.interaccionnoticias.com.mx\/index.php?rest_route=%2Fwp%2Fv2%2Fcomments&post=4347"}],"version-history":[{"count":0,"href":"https:\/\/www.interaccionnoticias.com.mx\/index.php?rest_route=\/wp\/v2\/posts\/4347\/revisions"}],"wp:attachment":[{"href":"https:\/\/www.interaccionnoticias.com.mx\/index.php?rest_route=%2Fwp%2Fv2%2Fmedia&parent=4347"}],"wp:term":[{"taxonomy":"category","embeddable":true,"href":"https:\/\/www.interaccionnoticias.com.mx\/index.php?rest_route=%2Fwp%2Fv2%2Fcategories&post=4347"},{"taxonomy":"post_tag","embeddable":true,"href":"https:\/\/www.interaccionnoticias.com.mx\/index.php?rest_route=%2Fwp%2Fv2%2Ftags&post=4347"}],"curies":[{"name":"wp","href":"https:\/\/api.w.org\/{rel}","templated":true}]}}