{"id":43467,"date":"2022-04-03T21:45:58","date_gmt":"2022-04-04T02:45:58","guid":{"rendered":"https:\/\/interaccionnoticias.com.mx\/?p=43467"},"modified":"2022-04-03T21:46:03","modified_gmt":"2022-04-04T02:46:03","slug":"este-lunes-se-registrara-alejandro-bravo-como-aspirante-a-dirigir-el-pri-estatal","status":"publish","type":"post","link":"https:\/\/www.interaccionnoticias.com.mx\/?p=43467","title":{"rendered":"Este lunes se registrar\u00e1 Alejandro Bravo como aspirante a dirigir el PRI Estatal"},"content":{"rendered":"\n<p><strong>Rosario Garc\u00eda Orozco<\/strong><\/p>\n\n\n\n<p><strong>Chilpancingo, Gro., 3 de abril del 2022.-<\/strong> Durante la ma\u00f1ana de este lunes se registrar\u00e1 como aspirante a presidir el Comit\u00e9 Directivo Estatal (CDE) del Partido Revolucionario Institucional (PRI), Alejandro Bravo Abarca, ex presidente municipal de Zihuatanejo y ex Jefe de la Oficina del ex gobernador H\u00e9ctor Astudillo Flores.<\/p>\n\n\n\n<p>De acuerdo a la convocatoria que emiti\u00f3 la dirigencia nacional del Partido Revolucionario Institucional (PRI) para renovar a su dirigencia estatal, este lunes 4 de abril, es la fecha para el registro de aspirantes a la Presidencia y a la Secretar\u00eda General del Comit\u00e9 Directivo Estatal.<\/p>\n\n\n\n<p>Hasta el momento s\u00f3lo se tiene conocimiento de una f\u00f3rmula que solicitar\u00e1 su registro, compuesta por el ex presidente municipal de Zihuatanejo, Alejandro Bravo Abarca, y Pilar Vadillo Ruiz.<\/p>\n\n\n\n<p>V\u00eda telef\u00f3nica, el propio ex Jefe de la Oficina del Gobernador, en el gobierno de H\u00e9ctor Astudillo Flores, inform\u00f3 que a las 10:30 de la ma\u00f1ana del lunes acudir\u00e1 junto con su compa\u00f1era de f\u00f3rmula, Pilar Vadillo Ruiz, a solicitar su registro como aspirantes a presidente y secretaria general del Comit\u00e9 Directivo Estatal, respectivamente.<\/p>\n\n\n\n<p>En redes sociales trascendi\u00f3 que a las 10:30 de la ma\u00f1ana ser\u00eda el registro de Alejandro Bravo Abarca, ante la Comisi\u00f3n Estatal de Procesos Internos, que preside Ernesto Sandoval Cervantes, y casi al mismo tiempo fue difundido otro anunci\u00f3 en el que se indicaba que el ex candidato a la gubernatura del estado, Mario Moreno Arcos har\u00eda lo propio, pero a la una de la tarde.<\/p>\n\n\n\n<p>Momentos despu\u00e9s, el registro de Mario Moreno fue desmentido por su propio hermano, el ex diputado local Ricardo Moreno Arcos, quien pidi\u00f3 esperar \u201chasta que \u00e9l (Mario Moreno) lo haga p\u00fablico en su cuenta oficial. Por favor, esperemos su pronunciamiento y sea \u00e9l quien nos d\u00e9 luz verde; por lo pronto, esto es falso\u201d, enfatiz\u00f3.<\/p>\n\n\n\n<p>Hasta la tarde del domingo, Mario Moreno Arcos, ex candidato priista a gobernador, no hab\u00eda emitido postura alguna al respecto.<\/p>\n\n\n\n<p>Qui\u00e9n v\u00eda telef\u00f3nica, quien s\u00ed confirm\u00f3 su registro fue Alejandro Bravo Abarca, quien se\u00f1al\u00f3 que para eso, ya hab\u00eda presentado su examen de conocimiento de los documentos b\u00e1sicos del Revolucionario Institucional, que es uno de los requisitos que marca la convocatoria lanzada por el Comit\u00e9 Ejecutivo Nacional.<\/p>\n\n\n\n<p>De la misma manera invit\u00f3 a la militancia pri\u00edsta a acompa\u00f1arlo, al tiempo que hizo un llamado a la unidad del PRI.<\/p>\n\n\n\n<p>Antes del registro, Bravo Abarca encabezar\u00e1 un desayuno con integrantes de la clase pol\u00edtica del PRI en la ciudad capital.<\/p>\n","protected":false},"excerpt":{"rendered":"<p>Rosario Garc\u00eda Orozco Chilpancingo, Gro., 3 de abril del 2022.- Durante la ma\u00f1ana de este lunes se registrar\u00e1 como aspirante a presidir el Comit\u00e9 Directivo Estatal (CDE) del Partido Revolucionario&hellip; <\/p>\n","protected":false},"author":14,"featured_media":43461,"comment_status":"open","ping_status":"open","sticky":false,"template":"","format":"standard","meta":{"fifu_image_url":"","fifu_image_alt":"","footnotes":""},"categories":[18],"tags":[],"class_list":["post-43467","post","type-post","status-publish","format-standard","has-post-thumbnail","hentry","category-partidos-politicos"],"_links":{"self":[{"href":"https:\/\/www.interaccionnoticias.com.mx\/index.php?rest_route=\/wp\/v2\/posts\/43467","targetHints":{"allow":["GET"]}}],"collection":[{"href":"https:\/\/www.interaccionnoticias.com.mx\/index.php?rest_route=\/wp\/v2\/posts"}],"about":[{"href":"https:\/\/www.interaccionnoticias.com.mx\/index.php?rest_route=\/wp\/v2\/types\/post"}],"author":[{"embeddable":true,"href":"https:\/\/www.interaccionnoticias.com.mx\/index.php?rest_route=\/wp\/v2\/users\/14"}],"replies":[{"embeddable":true,"href":"https:\/\/www.interaccionnoticias.com.mx\/index.php?rest_route=%2Fwp%2Fv2%2Fcomments&post=43467"}],"version-history":[{"count":1,"href":"https:\/\/www.interaccionnoticias.com.mx\/index.php?rest_route=\/wp\/v2\/posts\/43467\/revisions"}],"predecessor-version":[{"id":43468,"href":"https:\/\/www.interaccionnoticias.com.mx\/index.php?rest_route=\/wp\/v2\/posts\/43467\/revisions\/43468"}],"wp:featuredmedia":[{"embeddable":true,"href":"https:\/\/www.interaccionnoticias.com.mx\/index.php?rest_route=\/wp\/v2\/media\/43461"}],"wp:attachment":[{"href":"https:\/\/www.interaccionnoticias.com.mx\/index.php?rest_route=%2Fwp%2Fv2%2Fmedia&parent=43467"}],"wp:term":[{"taxonomy":"category","embeddable":true,"href":"https:\/\/www.interaccionnoticias.com.mx\/index.php?rest_route=%2Fwp%2Fv2%2Fcategories&post=43467"},{"taxonomy":"post_tag","embeddable":true,"href":"https:\/\/www.interaccionnoticias.com.mx\/index.php?rest_route=%2Fwp%2Fv2%2Ftags&post=43467"}],"curies":[{"name":"wp","href":"https:\/\/api.w.org\/{rel}","templated":true}]}}