{"id":4343,"date":"2017-05-15T20:24:58","date_gmt":"2017-05-16T01:24:58","guid":{"rendered":"http:\/\/www.inter-accion.com.mx\/?p=4343"},"modified":"2017-05-15T20:24:58","modified_gmt":"2017-05-16T01:24:58","slug":"localizan-cadaver-en-la-bahia-santa-lucia","status":"publish","type":"post","link":"https:\/\/www.interaccionnoticias.com.mx\/?p=4343","title":{"rendered":"Localizan cad\u00e1ver en la bah\u00eda Santa Luc\u00eda"},"content":{"rendered":"<p><strong>La v\u00edctima es un menor de edad<\/strong><br \/>\nAcapulco, Gro.- El cad\u00e1ver de un menor de edad fue localizado flotando, sin vida, en la bah\u00eda de Acapulco, frente al hotel Calinda.<br \/>\nLos hechos fueron reportados al filo de las 14:40 horas, a trav\u00e9s del Servicio de Emergencia del 911, se inform\u00f3 que en la playa frente al hotel Calinda, se localiz\u00f3 un cuerpo, solicitando personal de rescate acu\u00e1tico.<br \/>\nAl lugar acudi\u00f3 personal de la Polic\u00eda Tur\u00edstica y una embarcaci\u00f3n de barrido marino de la Promotora y Administradora de los Servicios de Playas.<br \/>\nEl reporte preliminar indica que se trata de un menor de edad de aproximadamente 15 a\u00f1os, ademas de un avanzado estado de descomposici\u00f3n.<br \/>\nLo anterior fue informado por los titulares de Protecci\u00f3n Civil del gobierno de Guerrero, Marco C\u00e9sar Mayares Salvador y&nbsp; Carlos Alberto Amezcua Avalos, por el municipio.<br \/>\nEl cad\u00e1ver de la v\u00edctima fue trasladado al Muelle del Parque de la Reyna, donde se entregar\u00e1 al personal de Ministerio P\u00fablico por los procedimientos que establece la propia ley.<\/p>\n","protected":false},"excerpt":{"rendered":"<p>La v\u00edctima es un menor de edad Acapulco, Gro.- El cad\u00e1ver de un menor de edad fue localizado flotando, sin vida, en la bah\u00eda de Acapulco, frente al hotel Calinda.&hellip; <\/p>\n","protected":false},"author":1,"featured_media":0,"comment_status":"open","ping_status":"open","sticky":false,"template":"","format":"standard","meta":{"fifu_image_url":"","fifu_image_alt":"","footnotes":""},"categories":[8,27],"tags":[],"class_list":["post-4343","post","type-post","status-publish","format-standard","hentry","category-featured","category-seguridad-publica"],"_links":{"self":[{"href":"https:\/\/www.interaccionnoticias.com.mx\/index.php?rest_route=\/wp\/v2\/posts\/4343","targetHints":{"allow":["GET"]}}],"collection":[{"href":"https:\/\/www.interaccionnoticias.com.mx\/index.php?rest_route=\/wp\/v2\/posts"}],"about":[{"href":"https:\/\/www.interaccionnoticias.com.mx\/index.php?rest_route=\/wp\/v2\/types\/post"}],"author":[{"embeddable":true,"href":"https:\/\/www.interaccionnoticias.com.mx\/index.php?rest_route=\/wp\/v2\/users\/1"}],"replies":[{"embeddable":true,"href":"https:\/\/www.interaccionnoticias.com.mx\/index.php?rest_route=%2Fwp%2Fv2%2Fcomments&post=4343"}],"version-history":[{"count":0,"href":"https:\/\/www.interaccionnoticias.com.mx\/index.php?rest_route=\/wp\/v2\/posts\/4343\/revisions"}],"wp:attachment":[{"href":"https:\/\/www.interaccionnoticias.com.mx\/index.php?rest_route=%2Fwp%2Fv2%2Fmedia&parent=4343"}],"wp:term":[{"taxonomy":"category","embeddable":true,"href":"https:\/\/www.interaccionnoticias.com.mx\/index.php?rest_route=%2Fwp%2Fv2%2Fcategories&post=4343"},{"taxonomy":"post_tag","embeddable":true,"href":"https:\/\/www.interaccionnoticias.com.mx\/index.php?rest_route=%2Fwp%2Fv2%2Ftags&post=4343"}],"curies":[{"name":"wp","href":"https:\/\/api.w.org\/{rel}","templated":true}]}}