{"id":4339,"date":"2017-05-15T20:17:01","date_gmt":"2017-05-16T01:17:01","guid":{"rendered":"http:\/\/www.inter-accion.com.mx\/?p=4339"},"modified":"2017-05-15T20:17:01","modified_gmt":"2017-05-16T01:17:01","slug":"sin-incidentes-primeras-asambleas-sobre-eleccion-por-usos-y-costumbres-en-ayutla","status":"publish","type":"post","link":"https:\/\/www.interaccionnoticias.com.mx\/?p=4339","title":{"rendered":"Sin incidentes, primeras asambleas sobre elecci\u00f3n por usos y costumbres en Ayutla"},"content":{"rendered":"<p><span style=\"font-weight: 400;\">El presidente de la Comisi\u00f3n Especial de Sistemas Normativos Internos del Instituto Electoral &nbsp;y de Participaci\u00f3n Ciudadana (IEPC), Felipe Arturo S\u00e1nchez Miranda asegur\u00f3 que no hubo limitaciones para visitar las primeras 74 comunidades y colonias en Ayutla, para la realizaci\u00f3n de Asambleas Informativas para dar a conocer los dos modelos de elecci\u00f3n por usos y costumbres para el proceso electoral de 2018.<\/span><br \/>\n<span style=\"font-weight: 400;\">Expuso que este s\u00e1bado y domingo, un grupo de 35 trabajadores del instituto, se trasladaron a Ayutla, principalmente a comunidades ind\u00edgenas, para realizar las primeras actividades informativas.<\/span><br \/>\n<span style=\"font-weight: 400;\">Seg\u00fan S\u00e1nchez Miranda, son un total de 140 las comunidades que conforman el municipio de Ayutla de Los Libres, de las cuales restar\u00edan 66 para ser visitadas los pr\u00f3ximos 20 y 21 de mayo.<\/span><br \/>\n<span style=\"font-weight: 400;\">Mencion\u00f3 que de ser aprobado el modelo B de planillas, que propone que el proceso electoral ser\u00e1 coordinado por el IEPC; los aspirantes a ocupar un puesto de elecci\u00f3n, no podr\u00e1n realizar campa\u00f1as, argumentando que las personas son conocidas en su comunidad de origen.<\/span><br \/>\n<span style=\"font-weight: 400;\">El modelo A de representantes, se\u00f1ala que el proceso electivo se dividir\u00e1 en dos; la primera etapa ser\u00e1 en las comunidades, donde a trav\u00e9s de sus normas internas, los pobladores elegir\u00e1n a dos representes junto con sus suplentes, y en un segundo paso, se contempla la realizaci\u00f3n de una asamblea general, en la cual ser\u00e1n electos quienes deber\u00e1n ocupar el denominado \u00f3rgano de gobierno municipal, dentro de los 280 representantes.<\/span><br \/>\n<span style=\"font-weight: 400;\">El modelo B de planillas, propone que el IEPC en coordinaci\u00f3n con las comunidades del municipio, defina los criterios bajo los cuales se desarrollar\u00e1 y avalar\u00e1 el proceso electoral en Ayutla.<\/span><br \/>\n<span style=\"font-weight: 400;\">S\u00e1nchez Miranda, indic\u00f3 que siguiendo el plan de actividades, el pr\u00f3ximo 26 de mayo, se tiene contemplado realizar una asamblea para que los habitantes manifiesten su aval a uno de los modelos propuestos, para elegir a autoridades municipales y para que a m\u00e1s tardar antes de que concluya el mes, se tenga certeza del m\u00e9todo que se desarrollar\u00e1 en julio de 2018.<\/span><br \/>\n&nbsp;<\/p>\n","protected":false},"excerpt":{"rendered":"<p>El presidente de la Comisi\u00f3n Especial de Sistemas Normativos Internos del Instituto Electoral &nbsp;y de Participaci\u00f3n Ciudadana (IEPC), Felipe Arturo S\u00e1nchez Miranda asegur\u00f3 que no hubo limitaciones para visitar las&hellip; <\/p>\n","protected":false},"author":1,"featured_media":0,"comment_status":"open","ping_status":"open","sticky":false,"template":"","format":"standard","meta":{"fifu_image_url":"","fifu_image_alt":"","footnotes":""},"categories":[8,17],"tags":[],"class_list":["post-4339","post","type-post","status-publish","format-standard","hentry","category-featured","category-organos-electorales"],"_links":{"self":[{"href":"https:\/\/www.interaccionnoticias.com.mx\/index.php?rest_route=\/wp\/v2\/posts\/4339","targetHints":{"allow":["GET"]}}],"collection":[{"href":"https:\/\/www.interaccionnoticias.com.mx\/index.php?rest_route=\/wp\/v2\/posts"}],"about":[{"href":"https:\/\/www.interaccionnoticias.com.mx\/index.php?rest_route=\/wp\/v2\/types\/post"}],"author":[{"embeddable":true,"href":"https:\/\/www.interaccionnoticias.com.mx\/index.php?rest_route=\/wp\/v2\/users\/1"}],"replies":[{"embeddable":true,"href":"https:\/\/www.interaccionnoticias.com.mx\/index.php?rest_route=%2Fwp%2Fv2%2Fcomments&post=4339"}],"version-history":[{"count":0,"href":"https:\/\/www.interaccionnoticias.com.mx\/index.php?rest_route=\/wp\/v2\/posts\/4339\/revisions"}],"wp:attachment":[{"href":"https:\/\/www.interaccionnoticias.com.mx\/index.php?rest_route=%2Fwp%2Fv2%2Fmedia&parent=4339"}],"wp:term":[{"taxonomy":"category","embeddable":true,"href":"https:\/\/www.interaccionnoticias.com.mx\/index.php?rest_route=%2Fwp%2Fv2%2Fcategories&post=4339"},{"taxonomy":"post_tag","embeddable":true,"href":"https:\/\/www.interaccionnoticias.com.mx\/index.php?rest_route=%2Fwp%2Fv2%2Ftags&post=4339"}],"curies":[{"name":"wp","href":"https:\/\/api.w.org\/{rel}","templated":true}]}}