{"id":43367,"date":"2022-04-01T14:50:10","date_gmt":"2022-04-01T20:50:10","guid":{"rendered":"https:\/\/interaccionnoticias.com.mx\/?p=43367"},"modified":"2022-04-01T14:50:15","modified_gmt":"2022-04-01T20:50:15","slug":"trabajadoras-del-inpi-denuncian-violencia-de-genero-por-parte-del-delegado-manuel-vazquez","status":"publish","type":"post","link":"https:\/\/www.interaccionnoticias.com.mx\/?p=43367","title":{"rendered":"Trabajadoras del INPI denuncian violencia de g\u00e9nero por parte del delegado, Manuel V\u00e1zquez"},"content":{"rendered":"\n<p><strong><em>&#8212; Aseguran que sin justificaci\u00f3n, les impiden ingresar a su oficina<\/em><\/strong><\/p>\n\n\n\n<p><strong>Jes\u00fas Dorantes<\/strong><\/p>\n\n\n\n<p><strong>Chilpancingo , Gro .- <\/strong>Trabajadoras del Instituto Nacional de Pueblos Ind\u00edgenas (INPI) acusaron al titular de la dependencia, Manuel V\u00e1zquez Quintero de ejercer violencia de g\u00e9nero y discriminaci\u00f3n contra ellas, al grado de impedirles el acceso las oficinas.<\/p>\n\n\n\n<p>La jornada del viernes, afuera de la delegaci\u00f3n del INPI, Gloria Ocampo Hern\u00e1ndez, trabajadora de confianza con 26 a\u00f1os de antig\u00fcedad, de los cuales se le reconocen solo 14 en el instituto, denunci\u00f3 que desde hace tres d\u00edas no se le permite el acceso a su lugar de trabajo.<\/p>\n\n\n\n<p>Adem\u00e1s, dijo que al igual que otra de sus compa\u00f1eras, es obligada en horas fuera de su horario a laborar, a pesar de estar embarazada.<\/p>\n\n\n\n<p>Indic\u00f3 que en retiradas ocasiones, el delegado Manuel V\u00e1zquez Quintero se ha manejado sin consideraci\u00f3n alguna.<\/p>\n\n\n\n<p>Se\u00f1al\u00f3 que las actitudes de violencia y discriminaci\u00f3n comenzaron desde los primeros d\u00edas de marzo del presente a\u00f1o, luego de que una decena de sus compa\u00f1eras lo acusar\u00e1n de violencia de g\u00e9nero ante el \u00f3rgano de control interno.<\/p>\n\n\n\n<p>Hasta la fecha se ha impedido el acceso a dos trabajadoras que participaron en la denuncia, pero no se les ha informado la raz\u00f3n por la que de manera completamente arbitraria se les cierra la puerta.<\/p>\n","protected":false},"excerpt":{"rendered":"<p>&#8212; Aseguran que sin justificaci\u00f3n, les impiden ingresar a su oficina Jes\u00fas Dorantes Chilpancingo , Gro .- Trabajadoras del Instituto Nacional de Pueblos Ind\u00edgenas (INPI) acusaron al titular de la&hellip; <\/p>\n","protected":false},"author":8,"featured_media":43369,"comment_status":"open","ping_status":"open","sticky":false,"template":"","format":"standard","meta":{"fifu_image_url":"","fifu_image_alt":"","footnotes":""},"categories":[29],"tags":[],"class_list":["post-43367","post","type-post","status-publish","format-standard","has-post-thumbnail","hentry","category-sociedad"],"_links":{"self":[{"href":"https:\/\/www.interaccionnoticias.com.mx\/index.php?rest_route=\/wp\/v2\/posts\/43367","targetHints":{"allow":["GET"]}}],"collection":[{"href":"https:\/\/www.interaccionnoticias.com.mx\/index.php?rest_route=\/wp\/v2\/posts"}],"about":[{"href":"https:\/\/www.interaccionnoticias.com.mx\/index.php?rest_route=\/wp\/v2\/types\/post"}],"author":[{"embeddable":true,"href":"https:\/\/www.interaccionnoticias.com.mx\/index.php?rest_route=\/wp\/v2\/users\/8"}],"replies":[{"embeddable":true,"href":"https:\/\/www.interaccionnoticias.com.mx\/index.php?rest_route=%2Fwp%2Fv2%2Fcomments&post=43367"}],"version-history":[{"count":1,"href":"https:\/\/www.interaccionnoticias.com.mx\/index.php?rest_route=\/wp\/v2\/posts\/43367\/revisions"}],"predecessor-version":[{"id":43376,"href":"https:\/\/www.interaccionnoticias.com.mx\/index.php?rest_route=\/wp\/v2\/posts\/43367\/revisions\/43376"}],"wp:featuredmedia":[{"embeddable":true,"href":"https:\/\/www.interaccionnoticias.com.mx\/index.php?rest_route=\/wp\/v2\/media\/43369"}],"wp:attachment":[{"href":"https:\/\/www.interaccionnoticias.com.mx\/index.php?rest_route=%2Fwp%2Fv2%2Fmedia&parent=43367"}],"wp:term":[{"taxonomy":"category","embeddable":true,"href":"https:\/\/www.interaccionnoticias.com.mx\/index.php?rest_route=%2Fwp%2Fv2%2Fcategories&post=43367"},{"taxonomy":"post_tag","embeddable":true,"href":"https:\/\/www.interaccionnoticias.com.mx\/index.php?rest_route=%2Fwp%2Fv2%2Ftags&post=43367"}],"curies":[{"name":"wp","href":"https:\/\/api.w.org\/{rel}","templated":true}]}}