{"id":43354,"date":"2022-03-31T20:46:12","date_gmt":"2022-04-01T02:46:12","guid":{"rendered":"https:\/\/interaccionnoticias.com.mx\/?p=43354"},"modified":"2022-03-31T20:46:17","modified_gmt":"2022-04-01T02:46:17","slug":"a-pesar-del-nulo-apoyo-de-las-autoridades-fatima-miranda-obtiene-el-tercer-lugar-en-el-certamen-miss-turismo-mexico","status":"publish","type":"post","link":"https:\/\/www.interaccionnoticias.com.mx\/?p=43354","title":{"rendered":"A pesar del nulo apoyo de las autoridades, F\u00e1tima Miranda, obtiene el tercer lugar en el certamen Miss Turismo M\u00e9xico."},"content":{"rendered":"\n<p><strong><em>&#8211; Adem\u00e1s obtiene las bandas Miss fotogenia y Rostro Turismo, incluso estuvo dentro de otras nominaciones<\/em><\/strong><\/p>\n\n\n\n<p><strong>Dassaev T\u00e9llez Adame<\/strong><\/p>\n\n\n\n<p><strong>Chilpancingo, 31 de marzo. &#8211;<\/strong> Con casi nulo apoyo de los entes gubernamentales encargadas de Turismo, la se\u00f1orita Miss Turismo Guerrero Centro F\u00e1tima Miranda Ruiz se adjudica el tercer lugar nacional de Miss Turismo M\u00e9xico; adem\u00e1s se corona como Miss Fotogenia y Rostro Turismo.<\/p>\n\n\n\n<p>En conferencia de prensa, acompa\u00f1ada por el coordinador de Miss Turismo Chilpancingo, Josh Salazar, y la directora de Miss Turismo Chilpancingo, Miriam Carbajal, adelantaron que este proyecto que impulsaron desde el a\u00f1o pasado podr\u00e1 llegar a nivel internacional.<\/p>\n\n\n\n<p>F\u00e1tima Miranda, dijo que este certamen la ayudo a empoderarse como mujer, dado que era una chica muy t\u00edmida, callada y con miedo, pero con ganas de participar en este tipo de eventos, por lo que poco a poco comenz\u00f3 a inmiscuirse en los concursos de belleza, incluidos los de novia del estudiante de su escuela.<\/p>\n\n\n\n<p>Adem\u00e1s, desde muy peque\u00f1a, tuvo la motivaci\u00f3n de este tipo de concursos al participar en el certamen de Chilpancingo, \u2018Se\u00f1orita Flor de Noche Buena Infantil, cosa que la llevo a ver las cosas con otra visi\u00f3n, inspir\u00e1ndose en promocionar todo lo que conlleva la promoci\u00f3n tur\u00edstica, principalmente de Chilpancingo.<\/p>\n\n\n\n<p>\u201cCompartimos como nos fue en redes sociales en el certamen de miss turismo M\u00e9xico, mostr\u00e1ndoles todo lo que Guerrero tiene, ofrece y es, ya que fuera de aqu\u00ed todos creen que Guerrero solo es Acapulco, todos piensan en Acapulco, yo les quiero compartir que Guerrero es m\u00e1s que Acapulco\u201d, argumento.<\/p>\n\n\n\n<p>Explico que, para poder participar en el certamen, se prepar\u00f3 investigando todo sobre la cultura, gastronom\u00eda y comida del estado, para poder representar dignamente a la capital del estado y a Guerrero en el certamen nacional, lo que la llevo a traerse el tercer lugar y dos bandas m\u00e1s.<\/p>\n\n\n\n<p>Dio a conocer que los ediles de Tlapa de Comonfort y Chilapa de \u00c1lvarez, estuvieron muy interesados en su participaci\u00f3n a nivel nacional por lo que facilitaron algunas locaciones para sus fotograf\u00edas, adem\u00e1s de apoyarla para viajar a Veracruz al concurso Nacional.<\/p>\n\n\n\n<p>Tambi\u00e9n, agradeci\u00f3 a los empresarios que confiaron en ella y que la apoyaron para solventar sus gastos en Veracruz, dedic\u00e1ndoles a ellos sus logros en el certamen final.<\/p>\n\n\n\n<p>Lamento que, a nivel municipal y estatal, este tipo de concursos cuentan con un nulo apoyo, a pesar de que las participantes se esmeran por resaltar e impulsar el turismo en el estado, \u201csi hubo apoyo, pero la verdad esper\u00e1bamos que fuera m\u00e1s\u201d.<\/p>\n\n\n\n<p>Por lo que hicieron el llamado a las autoridades para sumarse a los proyectos de promoci\u00f3n tur\u00edstica que les han propuesto.<\/p>\n\n\n\n<p>\u201cHasta all\u00e1 fuimos a gritar el nombre de Guerrero, por lo que queremos invitarlos a sumarse a promover el turismo, el cual, sabemos, reactiva toda la econom\u00eda\u201d.<\/p>\n\n\n\n<p>Explico que, ha presentado su proyecto de \u2018Tianguis Artesanal\u2019 para apoyar a los pueblos artesanos e impulsar el consumo local, buscando m\u00e1s personas que se puedan sumar a este proyecto, adem\u00e1s de buscar el acercamiento con los dem\u00e1s alcaldes de Guerrero para poder promocionar todos los destinos y lugares con capacidades de recibir turismo para impulsarlos y promocionarlos.<\/p>\n","protected":false},"excerpt":{"rendered":"<p>&#8211; Adem\u00e1s obtiene las bandas Miss fotogenia y Rostro Turismo, incluso estuvo dentro de otras nominaciones Dassaev T\u00e9llez Adame Chilpancingo, 31 de marzo. &#8211; Con casi nulo apoyo de los&hellip; <\/p>\n","protected":false},"author":9,"featured_media":43355,"comment_status":"open","ping_status":"open","sticky":false,"template":"","format":"standard","meta":{"fifu_image_url":"","fifu_image_alt":"","footnotes":""},"categories":[29],"tags":[],"class_list":["post-43354","post","type-post","status-publish","format-standard","has-post-thumbnail","hentry","category-sociedad"],"_links":{"self":[{"href":"https:\/\/www.interaccionnoticias.com.mx\/index.php?rest_route=\/wp\/v2\/posts\/43354","targetHints":{"allow":["GET"]}}],"collection":[{"href":"https:\/\/www.interaccionnoticias.com.mx\/index.php?rest_route=\/wp\/v2\/posts"}],"about":[{"href":"https:\/\/www.interaccionnoticias.com.mx\/index.php?rest_route=\/wp\/v2\/types\/post"}],"author":[{"embeddable":true,"href":"https:\/\/www.interaccionnoticias.com.mx\/index.php?rest_route=\/wp\/v2\/users\/9"}],"replies":[{"embeddable":true,"href":"https:\/\/www.interaccionnoticias.com.mx\/index.php?rest_route=%2Fwp%2Fv2%2Fcomments&post=43354"}],"version-history":[{"count":1,"href":"https:\/\/www.interaccionnoticias.com.mx\/index.php?rest_route=\/wp\/v2\/posts\/43354\/revisions"}],"predecessor-version":[{"id":43356,"href":"https:\/\/www.interaccionnoticias.com.mx\/index.php?rest_route=\/wp\/v2\/posts\/43354\/revisions\/43356"}],"wp:featuredmedia":[{"embeddable":true,"href":"https:\/\/www.interaccionnoticias.com.mx\/index.php?rest_route=\/wp\/v2\/media\/43355"}],"wp:attachment":[{"href":"https:\/\/www.interaccionnoticias.com.mx\/index.php?rest_route=%2Fwp%2Fv2%2Fmedia&parent=43354"}],"wp:term":[{"taxonomy":"category","embeddable":true,"href":"https:\/\/www.interaccionnoticias.com.mx\/index.php?rest_route=%2Fwp%2Fv2%2Fcategories&post=43354"},{"taxonomy":"post_tag","embeddable":true,"href":"https:\/\/www.interaccionnoticias.com.mx\/index.php?rest_route=%2Fwp%2Fv2%2Ftags&post=43354"}],"curies":[{"name":"wp","href":"https:\/\/api.w.org\/{rel}","templated":true}]}}