{"id":43345,"date":"2022-03-31T18:31:08","date_gmt":"2022-04-01T00:31:08","guid":{"rendered":"https:\/\/interaccionnoticias.com.mx\/?p=43345"},"modified":"2022-03-31T18:31:13","modified_gmt":"2022-04-01T00:31:13","slug":"este-fin-de-semana-la-consulta-a-los-pueblos-indigenas-y-afros-anuncia-anorve-ocampo","status":"publish","type":"post","link":"https:\/\/www.interaccionnoticias.com.mx\/?p=43345","title":{"rendered":"Este fin de semana la consulta a los pueblos ind\u00edgenas y afros, anuncia A\u00f1orve Ocampo"},"content":{"rendered":"\n<p><strong>Rosario Garc\u00eda Orozco<\/strong><\/p>\n\n\n\n<p><strong>Chilpancingo, Gro., 31 de marzo del 2022.-<\/strong> Este fin de semana se llevar\u00e1 a cabo la consulta a los pueblos originarios y afros en el estado, sobre las leyes 701 y 777, inform\u00f3 la Presidenta de la Mesa Directiva del Congreso, la diputada Flor A\u00f1orve Ocampo.<\/p>\n\n\n\n<p>La legisladora mencion\u00f3 que pr\u00e1cticamente ya concluyeron las dos etapas de informaci\u00f3n y difusi\u00f3n de esta consulta mandatada por la Suprema Corte de Justicia de la Naci\u00f3n.<\/p>\n\n\n\n<p>\u201cEstamos en el proceso de recibir toda la informaci\u00f3n de la consulta para que se le d\u00e9 un proceso legislativo y puedan convertirse ya en una iniciativa, de tal forma que podamos a enviar a la corte el informe sobre de qu\u00e9 manera result\u00f3 esta importante consulta\u201d.<\/p>\n\n\n\n<p>Una vez que se tengan los resultados de la consulta vendr\u00e1 el trabajo m\u00e1s dif\u00edcil para el Congreso, que es procesar toda la informaci\u00f3n para llevar en orden la opini\u00f3n de la ciudadan\u00eda ind\u00edgena y afro, destac\u00f3 A\u00f1orve Ocampo.<\/p>\n\n\n\n<p>Adelant\u00f3 que de las opiniones que se viertan se analizar\u00e1 qu\u00e9 procede de acuerdo a la Constituci\u00f3n, ya que existen lineamientos que no pueden soslayar y en los que se tienen que encuadrar las propuestas para no hacer una ley que se contraponga con algunas otras.<\/p>\n\n\n\n<p>Una vez que se env\u00ede toda la informaci\u00f3n a la Suprema Corte de Justicia de la Naci\u00f3n, vendr\u00e1 la etapa de dictaminaci\u00f3n por parte del m\u00e1ximo \u00f3rgano impartidor de justicia del pa\u00eds, y ser\u00e1n los magistrados y magistradas quienes determinen si con este ejercicio el Congreso cumpli\u00f3 con su mandato, y se aprobar\u00e1n las leyes en los termino que se plantear\u00e1n en su momento.<\/p>\n\n\n\n<p>La diputada priista coment\u00f3 que despu\u00e9s de esta consulta vendr\u00e1n otras para aprobar leyes sobre tomas como educaci\u00f3n, y que se desarrollar\u00e1n tambi\u00e9n en consulta, \u201choy ya estamos haciendo la pr\u00e1ctica haciendo consulta y ya lo haremos normalmente\u201d.<\/p>\n\n\n\n<p>Tambi\u00e9n llam\u00f3 a las comunidades ind\u00edgenas y afromexicanas a que participen en esta consulta, ya que es sumamente importante conocer las opiniones de estos dos sectores de la poblaci\u00f3n.<\/p>\n","protected":false},"excerpt":{"rendered":"<p>Rosario Garc\u00eda Orozco Chilpancingo, Gro., 31 de marzo del 2022.- Este fin de semana se llevar\u00e1 a cabo la consulta a los pueblos originarios y afros en el estado, sobre&hellip; <\/p>\n","protected":false},"author":14,"featured_media":43347,"comment_status":"open","ping_status":"open","sticky":false,"template":"","format":"standard","meta":{"fifu_image_url":"","fifu_image_alt":"","footnotes":""},"categories":[2],"tags":[],"class_list":["post-43345","post","type-post","status-publish","format-standard","has-post-thumbnail","hentry","category-congreso"],"_links":{"self":[{"href":"https:\/\/www.interaccionnoticias.com.mx\/index.php?rest_route=\/wp\/v2\/posts\/43345","targetHints":{"allow":["GET"]}}],"collection":[{"href":"https:\/\/www.interaccionnoticias.com.mx\/index.php?rest_route=\/wp\/v2\/posts"}],"about":[{"href":"https:\/\/www.interaccionnoticias.com.mx\/index.php?rest_route=\/wp\/v2\/types\/post"}],"author":[{"embeddable":true,"href":"https:\/\/www.interaccionnoticias.com.mx\/index.php?rest_route=\/wp\/v2\/users\/14"}],"replies":[{"embeddable":true,"href":"https:\/\/www.interaccionnoticias.com.mx\/index.php?rest_route=%2Fwp%2Fv2%2Fcomments&post=43345"}],"version-history":[{"count":1,"href":"https:\/\/www.interaccionnoticias.com.mx\/index.php?rest_route=\/wp\/v2\/posts\/43345\/revisions"}],"predecessor-version":[{"id":43348,"href":"https:\/\/www.interaccionnoticias.com.mx\/index.php?rest_route=\/wp\/v2\/posts\/43345\/revisions\/43348"}],"wp:featuredmedia":[{"embeddable":true,"href":"https:\/\/www.interaccionnoticias.com.mx\/index.php?rest_route=\/wp\/v2\/media\/43347"}],"wp:attachment":[{"href":"https:\/\/www.interaccionnoticias.com.mx\/index.php?rest_route=%2Fwp%2Fv2%2Fmedia&parent=43345"}],"wp:term":[{"taxonomy":"category","embeddable":true,"href":"https:\/\/www.interaccionnoticias.com.mx\/index.php?rest_route=%2Fwp%2Fv2%2Fcategories&post=43345"},{"taxonomy":"post_tag","embeddable":true,"href":"https:\/\/www.interaccionnoticias.com.mx\/index.php?rest_route=%2Fwp%2Fv2%2Ftags&post=43345"}],"curies":[{"name":"wp","href":"https:\/\/api.w.org\/{rel}","templated":true}]}}