{"id":43338,"date":"2022-03-31T16:27:36","date_gmt":"2022-03-31T22:27:36","guid":{"rendered":"https:\/\/interaccionnoticias.com.mx\/?p=43338"},"modified":"2022-03-31T16:27:41","modified_gmt":"2022-03-31T22:27:41","slug":"ricardo-taja-respalda-la-candidatura-de-mario-moreno-para-la-dirigencia-estatal-del-pri","status":"publish","type":"post","link":"https:\/\/www.interaccionnoticias.com.mx\/?p=43338","title":{"rendered":"Ricardo Taja respalda la candidatura de Mario Moreno para la dirigencia estatal del PRI"},"content":{"rendered":"\n<p><strong><em>&#8212; \u201cEs \u00e9l, o se desgrana la mazorca\u201d, advierte el ex candidato a la alcald\u00eda de Acapulco<\/em><\/strong><\/p>\n\n\n\n<p><strong>Rogelio Agust\u00edn<\/strong><\/p>\n\n\n\n<p>El ex candidato a la presidencia municipal de Acapulco, Ricardo Taja Ram\u00edrez manifest\u00f3 su respaldo al tambi\u00e9n ex candidato, pero a la gubernatura de Guerrero, Mario Moreno Arcos para que sea el pr\u00f3ximo dirigente estatal del PRI, con la advertencia de que si no es \u00e9l, \u201cla mazorca se va a desgranar\u201d.<\/p>\n\n\n\n<p>La jornada del jueves, en sus redes sociales, quien fuera candidato de la coalici\u00f3n PRI-PRD a la gubernatura del estado difundi\u00f3 una fotograf\u00eda en la que aparece junto al tambi\u00e9n ex diputado federal.<\/p>\n\n\n\n<p>\u201cQuiero agradecerle a Ricardo Taja que me considere su amigo, recordado la gran campa\u00f1a que hicimos, \u00e9l como candidato a alcalde de Acapulco y yo a la gubernatura del Estado\u201d, se\u00f1ala de primera instancia la publicaci\u00f3n del dos veces alcalde de Chilpancingo.<\/p>\n\n\n\n<p>Y contin\u00faa: \u201cHoy de nueva cuenta me refrenda su apoyo, sum\u00e1ndose junto a sus amigos y amigas, consejeras y consejeros del PRI, a mi aspiraci\u00f3n de dirigir a nuestro instituto pol\u00edtico en #Guerrero\u201d.<\/p>\n\n\n\n<p>Ricardo Taja hizo lo propio en sus redes sociales, coloc\u00f3 la misma fotograf\u00eda y la acompa\u00f1\u00f3 con un comentario:<\/p>\n\n\n\n<p>\u201cSi lo que el PRI busca es fortalecerse, el pr\u00f3ximo dirigente estatal debe ser Mario Moreno. O acaso, \u00bfquieren que se siga desgranando la mazorca?\u201d, se\u00f1ala el breve mensaje colocado en el muro del ex candidato a la presidencia municipal del puerto.<\/p>\n\n\n\n<p>Para algunos usuarios de redes sociales, la publicaci\u00f3n de Taja Ram\u00edrez puede interpretarse m\u00e1s como un amague que como una propuesta.<\/p>\n\n\n\n<p>El comentario fue relacionado con el hecho de que su hermano Javier, ex funcionario del Gobierno anterior, a principios de 2022 renunci\u00f3 a su militancia en las filas del PRI, argumentando que prevalecen viejas pr\u00e1cticas y que no hay espacios de participaci\u00f3n para todos los militantes.<\/p>\n\n\n\n<p>El viernes 25 de marzo, el Comit\u00e9 Ejecutivo Nacional (CEN) del PRI emiti\u00f3 la convocatoria para renovar a la presidencia y secretar\u00eda general del Comit\u00e9 Directivo Estatal (CDE) de Guerrero, que ocupa de manera provisional H\u00e9ctor Apreza Patr\u00f3n.<\/p>\n\n\n\n<p>El periodo para registrar a las f\u00f3rmulas de participantes vence el pr\u00f3ximo 4 de abril, de tal suerte que la Comisi\u00f3n de Procesos Internos, encabezada por el ex diputado Ernesto Sandoval Cervantes habr\u00e1 de dictaminar cuales f\u00f3rmulas cumplieron con los requisitos establecidos en la convocatoria y en consecuencia, est\u00e1n en condiciones de participar.<\/p>\n\n\n\n<p>Si hay m\u00e1s de una f\u00f3rmula en la contienda, a partir del 6 de marzo habr\u00e1 un periodo de 17 d\u00edas de proselitismo, de tal manera que se espera que a finales de abril se tenga definida la integraci\u00f3n de la nueva dirigencia estatal del tricolor.<\/p>\n\n\n\n<p>Hasta el momento, solo se manejan dos aspirantes y son varones, Mario Moreno Arcos, ex candidato a la gubernatura y el ex alcalde de Zihuatanejo, Alejandro Bravo Abarca, quien fuera jefe de la oficina del ex gobernador H\u00e9ctor Astudillo Flores.<\/p>\n","protected":false},"excerpt":{"rendered":"<p>&#8212; \u201cEs \u00e9l, o se desgrana la mazorca\u201d, advierte el ex candidato a la alcald\u00eda de Acapulco Rogelio Agust\u00edn El ex candidato a la presidencia municipal de Acapulco, Ricardo Taja&hellip; <\/p>\n","protected":false},"author":21,"featured_media":43334,"comment_status":"open","ping_status":"open","sticky":false,"template":"","format":"standard","meta":{"fifu_image_url":"","fifu_image_alt":"","footnotes":""},"categories":[21],"tags":[],"class_list":["post-43338","post","type-post","status-publish","format-standard","has-post-thumbnail","hentry","category-politica"],"_links":{"self":[{"href":"https:\/\/www.interaccionnoticias.com.mx\/index.php?rest_route=\/wp\/v2\/posts\/43338","targetHints":{"allow":["GET"]}}],"collection":[{"href":"https:\/\/www.interaccionnoticias.com.mx\/index.php?rest_route=\/wp\/v2\/posts"}],"about":[{"href":"https:\/\/www.interaccionnoticias.com.mx\/index.php?rest_route=\/wp\/v2\/types\/post"}],"author":[{"embeddable":true,"href":"https:\/\/www.interaccionnoticias.com.mx\/index.php?rest_route=\/wp\/v2\/users\/21"}],"replies":[{"embeddable":true,"href":"https:\/\/www.interaccionnoticias.com.mx\/index.php?rest_route=%2Fwp%2Fv2%2Fcomments&post=43338"}],"version-history":[{"count":1,"href":"https:\/\/www.interaccionnoticias.com.mx\/index.php?rest_route=\/wp\/v2\/posts\/43338\/revisions"}],"predecessor-version":[{"id":43339,"href":"https:\/\/www.interaccionnoticias.com.mx\/index.php?rest_route=\/wp\/v2\/posts\/43338\/revisions\/43339"}],"wp:featuredmedia":[{"embeddable":true,"href":"https:\/\/www.interaccionnoticias.com.mx\/index.php?rest_route=\/wp\/v2\/media\/43334"}],"wp:attachment":[{"href":"https:\/\/www.interaccionnoticias.com.mx\/index.php?rest_route=%2Fwp%2Fv2%2Fmedia&parent=43338"}],"wp:term":[{"taxonomy":"category","embeddable":true,"href":"https:\/\/www.interaccionnoticias.com.mx\/index.php?rest_route=%2Fwp%2Fv2%2Fcategories&post=43338"},{"taxonomy":"post_tag","embeddable":true,"href":"https:\/\/www.interaccionnoticias.com.mx\/index.php?rest_route=%2Fwp%2Fv2%2Ftags&post=43338"}],"curies":[{"name":"wp","href":"https:\/\/api.w.org\/{rel}","templated":true}]}}