{"id":43299,"date":"2022-03-30T19:18:37","date_gmt":"2022-03-31T01:18:37","guid":{"rendered":"https:\/\/interaccionnoticias.com.mx\/?p=43299"},"modified":"2022-03-30T19:18:42","modified_gmt":"2022-03-31T01:18:42","slug":"inaky-los-padres-de-los-43-tienen-razon-al-estar-encabronados","status":"publish","type":"post","link":"https:\/\/www.interaccionnoticias.com.mx\/?p=43299","title":{"rendered":"I\u00f1aky: Los padres de los 43 tienen raz\u00f3n al estar encabronados"},"content":{"rendered":"\n<p><strong><em>&#8211; \u201cEs mucho el tiempo que ha transcurrido y todav\u00eda no se sabe lo que pas\u00f3\u201d, admite el ex fiscal guerrerense<br>&#8211; Recuerda que la etapa que estuvo en sus manos la investigaci\u00f3n se encuentra firme, que la narrativa no se ha desvirtuado y que hay elementos limpios, libres de cuestionamiento<\/em><\/strong><\/p>\n\n\n\n<p><strong>Rogelio Agust\u00edn<\/strong><\/p>\n\n\n\n<p>El ex fiscal guerrerense, I\u00f1aky Blanco Cabrera sostuvo que los padres de los 43 tienen raz\u00f3n cuando manifiestan \u201cestar encabronados\u201d por los resultados que registran las investigaciones en torno a la desaparici\u00f3n de sus hijos, \u201cpues ya son muchos a\u00f1os y no sabemos a ciencia cierta lo que pas\u00f3\u201d.<br>Blanco Cabrera, quien fuera titular de la Fiscal\u00eda General del Estado (FGE) cuando se registraron los hechos del 26 de septiembre de 2014, admiti\u00f3 que el reclamo de los pap\u00e1s de los normalistas desaparecidos \u201cest\u00e1 m\u00e1s que justificado\u201d.<br>Indic\u00f3: \u201cSon muchos a\u00f1os y no sabemos a ciencia cierta que fue lo que ocurri\u00f3\u201d.<br>Explic\u00f3 que el informe presentado por el Grupo Interdisciplinario de Expertos Independientes (GIEI) en realidad \u201ces una investigaci\u00f3n sobre la investigaci\u00f3n del caso, no sobre lo que ocurri\u00f3 el d\u00eda 26 y las primeras horas del 27 de septiembre de 2014\u201d, en Iguala.<br>Lo que se expuso, refiri\u00f3 que tiene que ver con una inadecuada preservaci\u00f3n del lugar de los hechos, en este caso el basurero de Cocula, donde luego se tratar\u00eda de fundamenta la denominada \u201cverdad hist\u00f3rica\u201d, en una serie de trabajos en los que no existen oficios de colaboraci\u00f3n, dado que no obra en la indagatoria, que haya enviado la PGR a distintas autoridades para efecto de que le prestaran auxilio.<br>Hay, de acuerdo con el abogado Blanco Cabrera, una serie de elementos que abonan al terreno del descredito de la investigaci\u00f3n, lo que asegura: \u201ctiene que ser investigado y dar lugar al fincamiento de responsabilidades, porque no solamente se habla de inadecuados procesamientos, tambi\u00e9n de falsificaciones de documentos\u201d.<br>En el informe hay situaciones que ya se conoc\u00edan, como el hecho de que hubo detenciones ilegales y actos de tortura, situaci\u00f3n que resulta muy grave.<br>Otro punto que se asume que era conocido, es que algunos de los estudiantes estuvieron en la barandilla municipal y luego fueron sacados.<br>Respecto al tema de la infiltraci\u00f3n de la Normal Rural por parte de personal del Ej\u00e9rcito, dijo que ya se ten\u00eda informaci\u00f3n y que incluso, algunas personas estaban identificadas.<br>Las tareas de seguimiento hacia las actividades de la Normal, en realidad se remontan a muchos meses antes del 26 de septiembre, particularmente a cargo del entonces Centro de Investigaci\u00f3n y Seguridad Nacional (Cisen).<\/p>\n\n\n\n<p><strong>Su etapa de la investigaci\u00f3n permanece firme<\/strong><\/p>\n\n\n\n<p>I\u00f1aky Blanco Cabrera asegura que la FGE no estuvo en Iguala durante las horas en que se generaron los ataques, pues no ten\u00eda acceso al C-4 de Iguala que estaba en control del Ej\u00e9rcito, a pesar de que en varias ocasiones, al seno del Grupo de Coordinaci\u00f3n Guerrero solicit\u00f3 que se generara un espejo del sistema de monitoreo hacia la FGE, para tener acceso al control en tiempo real, sin embargo nunca se le otorg\u00f3.<br>Oficialmente, la FGE conoci\u00f3 de los hechos despu\u00e9s de las 23 horas del 26 de septiembre de 2014, a partir de ah\u00ed fue que se pusieron en marcha algunas acciones, las que asume, a pesar del tiempo se mantienen firmes.<br>\u201cLa narrativa de inicio en nuestras investigaciones no ha sido desvirtuada, contiene lo concerniente a la participaci\u00f3n en los hechos de elementos de las polic\u00edas municipales, espec\u00edficamente de Iguala, de cuya corporaci\u00f3n consignamos a m\u00e1s de 20, consignamos a Jos\u00e9 Luis Abarca (entonces alcalde de Iguala) y en total 33 siguen en la c\u00e1rcel, siguen sujetos a proceso, en ninguno de esos casos se alega que fueron v\u00edctimas de tortura o que fueron objeto de procesos irregulares\u201d.<br>A la mayor\u00eda de los normalistas que puso a disposici\u00f3n la FGE en tiempos de I\u00f1aky Blanco, un grupo importante de normalistas los identific\u00f3 como sus agresores, de tal manera que las bases de la investigaci\u00f3n ah\u00ed est\u00e1n.<br>Indic\u00f3 que hay certeza de que hubo un grupo criminal que atac\u00f3 a los estudiantes, que fue Guerreros Unidos (GU) y que tuvo el apoyo de personal de la polic\u00eda preventiva de Iguala, lo que estar\u00eda pendiente es saber si hubo colaboraci\u00f3n u omisi\u00f3n de otras autoridades de distintos \u00e1mbitos de gobierno.<br>Agreg\u00f3 que se debe tomar en cuenta que al paso del tiempo, existen elementos de prueba \u201cque est\u00e1n limpios y que no son factor de nulidad\u201d, como las intervenciones de la DEA, los chats del Ej\u00e9rcito y testimonios que confirman que en los ataques intervino directamente el grupo criminal, denominado Guerreros Unidos.<\/p>\n","protected":false},"excerpt":{"rendered":"<p>&#8211; \u201cEs mucho el tiempo que ha transcurrido y todav\u00eda no se sabe lo que pas\u00f3\u201d, admite el ex fiscal guerrerense&#8211; Recuerda que la etapa que estuvo en sus manos&hellip; <\/p>\n","protected":false},"author":21,"featured_media":43237,"comment_status":"open","ping_status":"open","sticky":false,"template":"","format":"standard","meta":{"fifu_image_url":"","fifu_image_alt":"","footnotes":""},"categories":[29],"tags":[],"class_list":["post-43299","post","type-post","status-publish","format-standard","has-post-thumbnail","hentry","category-sociedad"],"_links":{"self":[{"href":"https:\/\/www.interaccionnoticias.com.mx\/index.php?rest_route=\/wp\/v2\/posts\/43299","targetHints":{"allow":["GET"]}}],"collection":[{"href":"https:\/\/www.interaccionnoticias.com.mx\/index.php?rest_route=\/wp\/v2\/posts"}],"about":[{"href":"https:\/\/www.interaccionnoticias.com.mx\/index.php?rest_route=\/wp\/v2\/types\/post"}],"author":[{"embeddable":true,"href":"https:\/\/www.interaccionnoticias.com.mx\/index.php?rest_route=\/wp\/v2\/users\/21"}],"replies":[{"embeddable":true,"href":"https:\/\/www.interaccionnoticias.com.mx\/index.php?rest_route=%2Fwp%2Fv2%2Fcomments&post=43299"}],"version-history":[{"count":1,"href":"https:\/\/www.interaccionnoticias.com.mx\/index.php?rest_route=\/wp\/v2\/posts\/43299\/revisions"}],"predecessor-version":[{"id":43300,"href":"https:\/\/www.interaccionnoticias.com.mx\/index.php?rest_route=\/wp\/v2\/posts\/43299\/revisions\/43300"}],"wp:featuredmedia":[{"embeddable":true,"href":"https:\/\/www.interaccionnoticias.com.mx\/index.php?rest_route=\/wp\/v2\/media\/43237"}],"wp:attachment":[{"href":"https:\/\/www.interaccionnoticias.com.mx\/index.php?rest_route=%2Fwp%2Fv2%2Fmedia&parent=43299"}],"wp:term":[{"taxonomy":"category","embeddable":true,"href":"https:\/\/www.interaccionnoticias.com.mx\/index.php?rest_route=%2Fwp%2Fv2%2Fcategories&post=43299"},{"taxonomy":"post_tag","embeddable":true,"href":"https:\/\/www.interaccionnoticias.com.mx\/index.php?rest_route=%2Fwp%2Fv2%2Ftags&post=43299"}],"curies":[{"name":"wp","href":"https:\/\/api.w.org\/{rel}","templated":true}]}}