{"id":43259,"date":"2022-03-29T18:49:12","date_gmt":"2022-03-30T00:49:12","guid":{"rendered":"https:\/\/interaccionnoticias.com.mx\/?p=43259"},"modified":"2022-03-29T18:49:17","modified_gmt":"2022-03-30T00:49:17","slug":"colectivo-de-la-mancha-ofrecera-dos-funciones-de-teatro-este-viernes","status":"publish","type":"post","link":"https:\/\/www.interaccionnoticias.com.mx\/?p=43259","title":{"rendered":"Colectivo De la Mancha ofrecer\u00e1 dos funciones de teatro este viernes"},"content":{"rendered":"\n<p><strong><em>&#8211; Para difundir la cultura en Chilpancingo<\/em><\/strong><\/p>\n\n\n\n<p><strong>Dassaev T\u00e9llez Adame<\/strong><\/p>\n\n\n\n<p><strong>Chilpancingo, 29 de marzo. &#8211;<\/strong> Representantes del Foro Esc\u00e9nico \u2018De la Mancha\u2019 anunciaron un par de funciones para este viernes y s\u00e1bado en Chilpancingo, con la finalidad de seguir impulsando los espacios culturales en la capital del estado.<\/p>\n\n\n\n<p>Hace un a\u00f1o, cuando se reactivaron algunas actividades al aire libre, formaron parte del circuito nacional de artes esc\u00e9nicas, con m\u00e1s de 30 obras teatrales nacionales e internacionales, las cuales fueron presentadas de manera virtual y presencial.<\/p>\n\n\n\n<p>En conferencia de prensa, Irving Marcelo, representante de este grupo, record\u00f3 que hace un a\u00f1o tuvieron cerca de 500 m\u00fasicos haciendo videos por streaming, adem\u00e1s de las puestas en escena.<\/p>\n\n\n\n<p>Por lo que, en esta ocasi\u00f3n, luego de haber parado nuevamente actividades por el rebrote de COVID-19, contar\u00e1n con la presencia de una compa\u00f1\u00eda teatral del estado de Guanajuato, del maestro Roberto Mosqueda, uno de los m\u00e1s representativos de ese estado y del pa\u00eds.<\/p>\n\n\n\n<p>Este fin de semana, en este foro esc\u00e9nico, se presentar\u00e1n las obras \u2018Rebeli\u00f3n\u2019 y \u2018Flores para los Muertos\u2019, esta \u00faltima presentada en el Festival Internacional Cervantino (FIC), siendo una de las obras m\u00e1s exitosas de este festival.<\/p>\n\n\n\n<p>Dichas obras se presentar\u00e1n a las 7 y media de la noche, el viernes d\u00eda 1 de abril \u2018Flores para los Muertos\u2019 y el d\u00eda s\u00e1bado 2 de abril \u2018Rebeli\u00f3n\u2019, la entrada tendr\u00e1 un costo de 100 pesos y son obras aptas para ni\u00f1os mayores de 8 a\u00f1os.<\/p>\n\n\n\n<p>Adem\u00e1s, como funci\u00f3n extra, este jueves tendr\u00e1n una funci\u00f3n de teatro en modalidad standup proveniente del estado de Morelos, llamada \u2018A.L.V., Agradecido Lo Vivido\u2019.<\/p>\n\n\n\n<p>Adelantando que, en pr\u00f3ximas fechas y para conmemorar el doceavo aniversario de la creaci\u00f3n de este grupo cultural, realizar\u00e1n proyectos en diversas colonias y comunidades para promover la cultura, la cual, aseguraron, sirve como herramienta para trabajar con los ni\u00f1os y j\u00f3venes.<\/p>\n\n\n\n<p>\u201cM\u00e1s en esta pandemia, donde los j\u00f3venes y ni\u00f1os se la pasaron dos a\u00f1os encerrados y sin socializar, sin escuela, por lo que creemos que el arte y el teatro son herramientas que tenemos para combatir el retraso educativo que la pandemia nos ha dejado\u201d, dijo.<\/p>\n\n\n\n<p>Para las reservaciones, lo pueden directamente en la p\u00e1gina \u2018De la Mancha Foro Esc\u00e9nico\u2019 o al 7475299868.<\/p>\n","protected":false},"excerpt":{"rendered":"<p>&#8211; Para difundir la cultura en Chilpancingo Dassaev T\u00e9llez Adame Chilpancingo, 29 de marzo. &#8211; Representantes del Foro Esc\u00e9nico \u2018De la Mancha\u2019 anunciaron un par de funciones para este viernes&hellip; <\/p>\n","protected":false},"author":9,"featured_media":43260,"comment_status":"open","ping_status":"open","sticky":false,"template":"","format":"standard","meta":{"fifu_image_url":"","fifu_image_alt":"","footnotes":""},"categories":[29],"tags":[],"class_list":["post-43259","post","type-post","status-publish","format-standard","has-post-thumbnail","hentry","category-sociedad"],"_links":{"self":[{"href":"https:\/\/www.interaccionnoticias.com.mx\/index.php?rest_route=\/wp\/v2\/posts\/43259","targetHints":{"allow":["GET"]}}],"collection":[{"href":"https:\/\/www.interaccionnoticias.com.mx\/index.php?rest_route=\/wp\/v2\/posts"}],"about":[{"href":"https:\/\/www.interaccionnoticias.com.mx\/index.php?rest_route=\/wp\/v2\/types\/post"}],"author":[{"embeddable":true,"href":"https:\/\/www.interaccionnoticias.com.mx\/index.php?rest_route=\/wp\/v2\/users\/9"}],"replies":[{"embeddable":true,"href":"https:\/\/www.interaccionnoticias.com.mx\/index.php?rest_route=%2Fwp%2Fv2%2Fcomments&post=43259"}],"version-history":[{"count":1,"href":"https:\/\/www.interaccionnoticias.com.mx\/index.php?rest_route=\/wp\/v2\/posts\/43259\/revisions"}],"predecessor-version":[{"id":43261,"href":"https:\/\/www.interaccionnoticias.com.mx\/index.php?rest_route=\/wp\/v2\/posts\/43259\/revisions\/43261"}],"wp:featuredmedia":[{"embeddable":true,"href":"https:\/\/www.interaccionnoticias.com.mx\/index.php?rest_route=\/wp\/v2\/media\/43260"}],"wp:attachment":[{"href":"https:\/\/www.interaccionnoticias.com.mx\/index.php?rest_route=%2Fwp%2Fv2%2Fmedia&parent=43259"}],"wp:term":[{"taxonomy":"category","embeddable":true,"href":"https:\/\/www.interaccionnoticias.com.mx\/index.php?rest_route=%2Fwp%2Fv2%2Fcategories&post=43259"},{"taxonomy":"post_tag","embeddable":true,"href":"https:\/\/www.interaccionnoticias.com.mx\/index.php?rest_route=%2Fwp%2Fv2%2Ftags&post=43259"}],"curies":[{"name":"wp","href":"https:\/\/api.w.org\/{rel}","templated":true}]}}