{"id":43256,"date":"2022-03-29T17:21:45","date_gmt":"2022-03-29T23:21:45","guid":{"rendered":"https:\/\/interaccionnoticias.com.mx\/?p=43256"},"modified":"2022-03-29T17:21:51","modified_gmt":"2022-03-29T23:21:51","slug":"snte-exige-a-la-seg-que-no-nombre-delegados-por-presion-de-la-ceteg","status":"publish","type":"post","link":"https:\/\/www.interaccionnoticias.com.mx\/?p=43256","title":{"rendered":"SNTE exige a la SEG que no nombre delegados por presi\u00f3n de la CETEG"},"content":{"rendered":"\n<p><strong><em>&#8211; Para no generar un conflicto innecesario, advierten<\/em><\/strong><\/p>\n\n\n\n<p><strong>Jes\u00fas Dorantes<\/strong><\/p>\n\n\n\n<p><strong>Chilpancingo,Gro.-<\/strong> Integrantes de la secci\u00f3n XIV del Sindicato Nacional de Trabajadores de la Educaci\u00f3n (SNTE), hicieron un llamado al titular de la Secretar\u00eda de Educaci\u00f3n Guerrero (SEG), Marcial Rodr\u00edguez Salda\u00f1a, para que no realicen cambios en las delegaciones regionales por presi\u00f3n de la Coordinadora Estatal de Trabajadores de la Educaci\u00f3n en Guerrero (CETEG), ya que se puede generar un conflicto que es innecesario.<\/p>\n\n\n\n<p>En rueda de prensa, delegados de la zona centro, aglutinados en la secci\u00f3n XIV del SNTE, expresaron su preocupaci\u00f3n ante el cambio de los delegados regionales de las regiones Costa Chica y Centro.<\/p>\n\n\n\n<p>Dichos movimientos, dijeron que se realizar\u00edan por presi\u00f3n del magisterio disidente y fueron parte de la minuta de acuerdos firmada el 22 de marzo, entre la CETEG y el gobierno del estado.<\/p>\n\n\n\n<p>En su intervenci\u00f3n, Mar\u00eda Isabel Eugenio Zacar\u00edas, de la delegaci\u00f3n D-III-16, asegur\u00f3 que las personas que intentan mover de sus delegaciones por presi\u00f3n de la CETEG, s\u00ed cumplen con el perfil y la experiencia necesaria , por lo que no se deben imponer cargos por compromisos pol\u00edticos o alg\u00fan acuerdo pactado por las protestas de las semanas anteriores.<\/p>\n\n\n\n<p>Lanz\u00f3 un exhorto al titular de la SEG, Marcial Rodr\u00edguez Salda\u00f1a, as\u00ed como a la gobernadora Evelyn Salgado Pineda, para evitar que ingresen personas de la CETEG, por lo que consideraron un capricho o acuerdo pol\u00edtico derivado de las movilizaciones de las \u00faltimas dos semanas.<\/p>\n","protected":false},"excerpt":{"rendered":"<p>&#8211; Para no generar un conflicto innecesario, advierten Jes\u00fas Dorantes Chilpancingo,Gro.- Integrantes de la secci\u00f3n XIV del Sindicato Nacional de Trabajadores de la Educaci\u00f3n (SNTE), hicieron un llamado al titular&hellip; <\/p>\n","protected":false},"author":8,"featured_media":43257,"comment_status":"open","ping_status":"open","sticky":false,"template":"","format":"standard","meta":{"fifu_image_url":"","fifu_image_alt":"","footnotes":""},"categories":[6],"tags":[],"class_list":["post-43256","post","type-post","status-publish","format-standard","has-post-thumbnail","hentry","category-educacion"],"_links":{"self":[{"href":"https:\/\/www.interaccionnoticias.com.mx\/index.php?rest_route=\/wp\/v2\/posts\/43256","targetHints":{"allow":["GET"]}}],"collection":[{"href":"https:\/\/www.interaccionnoticias.com.mx\/index.php?rest_route=\/wp\/v2\/posts"}],"about":[{"href":"https:\/\/www.interaccionnoticias.com.mx\/index.php?rest_route=\/wp\/v2\/types\/post"}],"author":[{"embeddable":true,"href":"https:\/\/www.interaccionnoticias.com.mx\/index.php?rest_route=\/wp\/v2\/users\/8"}],"replies":[{"embeddable":true,"href":"https:\/\/www.interaccionnoticias.com.mx\/index.php?rest_route=%2Fwp%2Fv2%2Fcomments&post=43256"}],"version-history":[{"count":1,"href":"https:\/\/www.interaccionnoticias.com.mx\/index.php?rest_route=\/wp\/v2\/posts\/43256\/revisions"}],"predecessor-version":[{"id":43258,"href":"https:\/\/www.interaccionnoticias.com.mx\/index.php?rest_route=\/wp\/v2\/posts\/43256\/revisions\/43258"}],"wp:featuredmedia":[{"embeddable":true,"href":"https:\/\/www.interaccionnoticias.com.mx\/index.php?rest_route=\/wp\/v2\/media\/43257"}],"wp:attachment":[{"href":"https:\/\/www.interaccionnoticias.com.mx\/index.php?rest_route=%2Fwp%2Fv2%2Fmedia&parent=43256"}],"wp:term":[{"taxonomy":"category","embeddable":true,"href":"https:\/\/www.interaccionnoticias.com.mx\/index.php?rest_route=%2Fwp%2Fv2%2Fcategories&post=43256"},{"taxonomy":"post_tag","embeddable":true,"href":"https:\/\/www.interaccionnoticias.com.mx\/index.php?rest_route=%2Fwp%2Fv2%2Ftags&post=43256"}],"curies":[{"name":"wp","href":"https:\/\/api.w.org\/{rel}","templated":true}]}}