{"id":4325,"date":"2017-05-15T19:54:44","date_gmt":"2017-05-16T00:54:44","guid":{"rendered":"http:\/\/www.inter-accion.com.mx\/?p=4325"},"modified":"2017-05-15T19:54:44","modified_gmt":"2017-05-16T00:54:44","slug":"se-compromete-el-gobernador-de-guerrero-a-investigar-quienes-agredieron-a-los-siete-periodistas","status":"publish","type":"post","link":"https:\/\/www.interaccionnoticias.com.mx\/?p=4325","title":{"rendered":"Se compromete el gobernador de Guerrero a investigar quienes agredieron a los siete periodistas"},"content":{"rendered":"<p><strong>La Coddehum exige garant\u00edas para el trabajo de los comunicadores<\/strong><br \/>\nEl gobernador H\u00e9ctor Astudillo Flores se comprometi\u00f3 a investigar a fondo quienes fueron los delincuentes que interceptaron a siete periodistas en las inmediaciones de Acapetlahuaya la tarde del s\u00e1bado 13 de mayo, cuando los despojaron de un veh\u00edculo y les quitaron sus equipos de trabajo.<br \/>\nAstudillo Flores coment\u00f3 que de acuerdo con la informaci\u00f3n que tiene, los siete reporteros que cubr\u00edan los bloqueos generados por la delincuencia fueron retenidos cuando regresaban de Arcelia, despu\u00e9s de pasar el ret\u00e9n de Palos Altos, por un grupo de delincuentes que al parecer llegaron del Estado de M\u00e9xico.<br \/>\nManifest\u00f3 la solidaridad de su gobierno con los reporteros, pero tambi\u00e9n se comprometi\u00f3 a realizar una investigaci\u00f3n que permita conocer quienes fueron los delincuentes que interceptaron &nbsp;a los comunicadores, para luego despojarlos de sus pertenencias y equipos de trabajo.<br \/>\nEl jefe del Ejecutivo local manifest\u00f3 que su administraci\u00f3n tiene una actitud de respeto hacia el ejercicio period\u00edstico, ya que se trata de una actividad fundamental para mantener debidamente informada a la sociedad.<br \/>\n<strong>Coddehum exige garant\u00edas<\/strong><br \/>\n&nbsp;En otro momento, el presidente de la Comisi\u00f3n Estatal de los Derechos Humanos (Coddehum), Ram\u00f3n Navarrete Magdaleno exigi\u00f3 que los tres niveles de gobierno adopten acciones fuertes para garantizar el ejercicio period\u00edstico en la entidad.<br \/>\nNavarrete Magdaleno reconoci\u00f3 que no existen condiciones en la entidad para ejercer libremente el periodismo y la defensa de los derechos humanos, lo que qued\u00f3 de manifiesto durante la jornada del s\u00e1bado 13, cuando los reporteros Sergio Ocapo Arista, Angel Misael Galeana, Alejandro Ortiz y Jorge Mart\u00ednez Dionisio fueron interceptados por un grupo de delincuentes, que les despojaron de un veh\u00edculo, dinero en efectivo y sus equipos de trabajo.<br \/>\n&nbsp;\u201cAhora no s\u00f3lo existe el riesgo de publicar notas contra alguna autoridad, sino que est\u00e1 la otra parte, la parte oscura que se mueve por intereses que no me corresponde a mi investigar\u201d, asever\u00f3.<br \/>\nRecord\u00f3 que la noche del s\u00e1bado, en cuanto tuvo conocimiento de los hechos, \u00e9l personalmente habl\u00f3 con autoridades estatales para solicitar apoyo en la b\u00fasqueda y traslado de los comunicadores, aunque ya no fue necesario porque los periodistas estaban de regreso hacia Chilpancingo.<\/p>\n","protected":false},"excerpt":{"rendered":"<p>La Coddehum exige garant\u00edas para el trabajo de los comunicadores El gobernador H\u00e9ctor Astudillo Flores se comprometi\u00f3 a investigar a fondo quienes fueron los delincuentes que interceptaron a siete periodistas&hellip; <\/p>\n","protected":false},"author":1,"featured_media":0,"comment_status":"open","ping_status":"open","sticky":false,"template":"","format":"standard","meta":{"fifu_image_url":"","fifu_image_alt":"","footnotes":""},"categories":[8,15],"tags":[],"class_list":["post-4325","post","type-post","status-publish","format-standard","hentry","category-featured","category-movimientos-sociales"],"_links":{"self":[{"href":"https:\/\/www.interaccionnoticias.com.mx\/index.php?rest_route=\/wp\/v2\/posts\/4325","targetHints":{"allow":["GET"]}}],"collection":[{"href":"https:\/\/www.interaccionnoticias.com.mx\/index.php?rest_route=\/wp\/v2\/posts"}],"about":[{"href":"https:\/\/www.interaccionnoticias.com.mx\/index.php?rest_route=\/wp\/v2\/types\/post"}],"author":[{"embeddable":true,"href":"https:\/\/www.interaccionnoticias.com.mx\/index.php?rest_route=\/wp\/v2\/users\/1"}],"replies":[{"embeddable":true,"href":"https:\/\/www.interaccionnoticias.com.mx\/index.php?rest_route=%2Fwp%2Fv2%2Fcomments&post=4325"}],"version-history":[{"count":0,"href":"https:\/\/www.interaccionnoticias.com.mx\/index.php?rest_route=\/wp\/v2\/posts\/4325\/revisions"}],"wp:attachment":[{"href":"https:\/\/www.interaccionnoticias.com.mx\/index.php?rest_route=%2Fwp%2Fv2%2Fmedia&parent=4325"}],"wp:term":[{"taxonomy":"category","embeddable":true,"href":"https:\/\/www.interaccionnoticias.com.mx\/index.php?rest_route=%2Fwp%2Fv2%2Fcategories&post=4325"},{"taxonomy":"post_tag","embeddable":true,"href":"https:\/\/www.interaccionnoticias.com.mx\/index.php?rest_route=%2Fwp%2Fv2%2Ftags&post=4325"}],"curies":[{"name":"wp","href":"https:\/\/api.w.org\/{rel}","templated":true}]}}