{"id":43248,"date":"2022-03-29T17:06:48","date_gmt":"2022-03-29T23:06:48","guid":{"rendered":"https:\/\/interaccionnoticias.com.mx\/?p=43248"},"modified":"2022-03-29T17:06:53","modified_gmt":"2022-03-29T23:06:53","slug":"tras-el-tercer-informe-del-giei-sobre-el-caso-de-ayotzinapa-familiares-de-los-jovenes-desaparecidos-exigen-que-se-aclaren-los-hechos-y-se-castigue","status":"publish","type":"post","link":"https:\/\/www.interaccionnoticias.com.mx\/?p=43248","title":{"rendered":"Tras el tercer informe del GIEI sobre el caso de Ayotzinapa, familiares de los j\u00f3venes desaparecidos exigen que se aclaren los hechos y se castigue"},"content":{"rendered":"\n<p><strong><em>&#8211; Piden que se llame a declarar al ex presidente Enrique Pe\u00f1a Nieto<\/em><\/strong><\/p>\n\n\n\n<p><strong>Rosario Garc\u00eda Orozco<\/strong><\/p>\n\n\n\n<p>Chilpancingo, Gro., 29 de marzo del 2022.- Familiares de los 43 normalistas de Ayotzinapa se dijeron indignados, \u00abencabronados\u00bb por el proceso de investigaci\u00f3n \u00abturbio\u00bb, que ha seguido el gobierno federal en torno a la desaparici\u00f3n de los normalistas, luego de evidenciarse en un video la participaci\u00f3n de elementos de La Marina \u00abmanipulando la escena del crimen en Cocula\u00bb .<\/p>\n\n\n\n<p>Lo anterior, tras presentarse el tercer informe del Grupo Interdisciplinario de Expertos Independientes (GIEI) que revel\u00f3 la participaci\u00f3n de elementos de la Secretar\u00eda de Marina en Cocula, con el objetivo de manipular la escena del crimen, por lo que familiares de los 43 j\u00f3venes estudiantes de Ayotzinapa desaparecidos en septiembre del 2014, exigieron castigo ejemplar a los culpables de esos hechos, investigaci\u00f3n puntual a las fuerzas castrenses, y que se llame a declarar al ex presidente Enrique Pe\u00f1a Nieto.<\/p>\n\n\n\n<p>Los familiares de los normalistas estuvieron acompa\u00f1ados por integrantes del Centro de Derechos Humanos de la Monta\u00f1a Tlachinollan, y otras organizaciones sociales para exponer su postura sobre el v\u00eddeo que evidencia la participaci\u00f3n de fueras federales en la modificaci\u00f3n de la escena del crimen.<\/p>\n\n\n\n<p>Mar\u00eda Elena Guerrero, madre de uno de los j\u00f3venes normalistas desaparecidos, declar\u00f3: \u00abnunca imaginamos que a tres a\u00f1os de este nuevo gobierno no tengamos a\u00fan informaci\u00f3n sobre el paradero de nuestros hijos, pero s\u00ed reconocemos un avance que nos puede llevar a que se haga justicia y se castigue a los responsables\u00bb .<\/p>\n\n\n\n<p>Agradeci\u00f3 el acompa\u00f1amiento, el respaldo y el trabajo realizado por los expertos del GIEI y asegur\u00f3 que \u00ablos padres y madres de los normalistas desaparecidos no pararemos hasta que se sepa la verdad y se haga justicia\u00bb.<\/p>\n\n\n\n<p>Mario Gonz\u00e1lez de plano elev\u00f3 el tono de voz y en el video que grabaron para emitir su postura dijo que \u00ablas 43 familias estamos enojados, estamos encabronados, porque desgraciadamente nos vieron la cara durante 3 a\u00f1os y da coraje que las instituciones jugaron con nosotros; nos hicieron firmar en diciembre un decreto presidencial donde se compromet\u00edan como dependencias federales a entregar toda la informaci\u00f3n que ten\u00edan sobre el caso Ayotzinapa. Nos hicieron ir al 27 batall\u00f3n y accedimos, a sabiendas de que no \u00edbamos a encontrar nada\u00bb.<\/p>\n\n\n\n<p>Agreg\u00f3 que a 3 a\u00f1os hoy se enteran de que esa informaci\u00f3n no ha sido entregada, \u00abcomo no estar enojados si no sabemos nada de nuestros hijos\u00bb.<\/p>\n\n\n\n<p>Don Mario lament\u00f3 que los mandos militares en aquel momento, lo \u00fanico que quer\u00edan era la fotograf\u00eda, y cuestion\u00f3 \u00abla manipulaci\u00f3n, cruel\u00bb, por parte de supuestos elementos de la Marina que se evidencian en el video en el basurero de Cocula.<\/p>\n\n\n\n<p>Tambi\u00e9n envi\u00f3 un mensaje al presidente Andr\u00e9s Manuel L\u00f3pez Obrador, a quien dijo que es molesto que no le hace caso sus funcionarios.<\/p>\n\n\n\n<p>Consider\u00f3 que ya es justo saber qu\u00e9 pas\u00f3 con sus hijos y hasta qu\u00e9 nivel llega la responsabilidad de los funcionarios de los tres \u00f3rdenes de gobierno,<\/p>\n\n\n\n<p>En tanto, Emiliano Navarrete enfatiz\u00f3 que hay indignaci\u00f3n entre las familias de las v\u00edctimas porque a 7 a\u00f1os y medio de lo sucedido, \u00abmirar esas im\u00e1genes en el video nos llena de coraje y mirar con cuanta maldad el gobierno federal estaba manipulando un lugar para despu\u00e9s presentarlo a la opini\u00f3n p\u00fablica\u00bb.<\/p>\n\n\n\n<p>Reconoci\u00f3 que todo el tiempo tuvieron sospechas de la participaci\u00f3n del ej\u00e9rcito mexicano en esos hechos, y ahora se confirma la intervenci\u00f3n de La Marina, evidenciada en im\u00e1genes en v\u00eddeo, \u00abqueremos decirle al gobierno federal que vea la estrategia legal para que Enrique Pe\u00f1a Nieto sea llamado a declarar por esos hechos\u00bb, enfatiz\u00f3.<\/p>\n\n\n\n<p>Al presidente Amlo le recomend\u00f3 dejar un poco las ama\u00f1aneras, al referirse a sus conferencias matutinas diarias, \u00aby enfocarse un poco en los compromisos que ha adquirido con el pueblo\u00bb.<\/p>\n\n\n\n<p>Sobre esos hechos, Vidulfo Rosales Sierra, abogado de los padres de los 43 j\u00f3venes normalistas desaparecidos, insisti\u00f3 en que con ese video que tiene en sus manos el GIEI y que fue publicado en redes sociales, queda de manifiesto la manipulaci\u00f3n del gobierno federal \u00abpara ensuciar el proceso de investigaci\u00f3n y ocultar la verdad, porque a partir de ese montaje jur\u00eddico nos fue imposible explorar otras l\u00edneas de investigaci\u00f3n\u00bb.<\/p>\n\n\n\n<p>Por esa raz\u00f3n, consider\u00f3 que ahora el gobierno federal tiene que informar cu\u00e1l fue el motivo por el cual se ocult\u00f3 esa informaci\u00f3n y dar inicio con diligencias serias y concretas para dictar sentencia y no se siga sin avance ese caso que no s\u00f3lo lastima a las familias de los 43 estudiantes de Ayotzinapa sino a todo el pa\u00eds.<\/p>\n","protected":false},"excerpt":{"rendered":"<p>&#8211; Piden que se llame a declarar al ex presidente Enrique Pe\u00f1a Nieto Rosario Garc\u00eda Orozco Chilpancingo, Gro., 29 de marzo del 2022.- Familiares de los 43 normalistas de Ayotzinapa&hellip; <\/p>\n","protected":false},"author":14,"featured_media":43237,"comment_status":"open","ping_status":"open","sticky":false,"template":"","format":"standard","meta":{"fifu_image_url":"","fifu_image_alt":"","footnotes":""},"categories":[15],"tags":[],"class_list":["post-43248","post","type-post","status-publish","format-standard","has-post-thumbnail","hentry","category-movimientos-sociales"],"_links":{"self":[{"href":"https:\/\/www.interaccionnoticias.com.mx\/index.php?rest_route=\/wp\/v2\/posts\/43248","targetHints":{"allow":["GET"]}}],"collection":[{"href":"https:\/\/www.interaccionnoticias.com.mx\/index.php?rest_route=\/wp\/v2\/posts"}],"about":[{"href":"https:\/\/www.interaccionnoticias.com.mx\/index.php?rest_route=\/wp\/v2\/types\/post"}],"author":[{"embeddable":true,"href":"https:\/\/www.interaccionnoticias.com.mx\/index.php?rest_route=\/wp\/v2\/users\/14"}],"replies":[{"embeddable":true,"href":"https:\/\/www.interaccionnoticias.com.mx\/index.php?rest_route=%2Fwp%2Fv2%2Fcomments&post=43248"}],"version-history":[{"count":1,"href":"https:\/\/www.interaccionnoticias.com.mx\/index.php?rest_route=\/wp\/v2\/posts\/43248\/revisions"}],"predecessor-version":[{"id":43249,"href":"https:\/\/www.interaccionnoticias.com.mx\/index.php?rest_route=\/wp\/v2\/posts\/43248\/revisions\/43249"}],"wp:featuredmedia":[{"embeddable":true,"href":"https:\/\/www.interaccionnoticias.com.mx\/index.php?rest_route=\/wp\/v2\/media\/43237"}],"wp:attachment":[{"href":"https:\/\/www.interaccionnoticias.com.mx\/index.php?rest_route=%2Fwp%2Fv2%2Fmedia&parent=43248"}],"wp:term":[{"taxonomy":"category","embeddable":true,"href":"https:\/\/www.interaccionnoticias.com.mx\/index.php?rest_route=%2Fwp%2Fv2%2Fcategories&post=43248"},{"taxonomy":"post_tag","embeddable":true,"href":"https:\/\/www.interaccionnoticias.com.mx\/index.php?rest_route=%2Fwp%2Fv2%2Ftags&post=43248"}],"curies":[{"name":"wp","href":"https:\/\/api.w.org\/{rel}","templated":true}]}}